{"id":1849,"date":"2018-01-17T21:16:54","date_gmt":"2018-01-17T21:16:54","guid":{"rendered":"http:\/\/1001images.fr\/blog\/?p=1849"},"modified":"2018-01-17T21:16:54","modified_gmt":"2018-01-17T21:16:54","slug":"merci-a-la-gazette-du-val-doise","status":"publish","type":"post","link":"http:\/\/1001images.fr\/blog\/?p=1849","title":{"rendered":"Merci \u00e0 la Gazette du Val d&rsquo;Oise !"},"content":{"rendered":"<div class=\"fblike_button\" style=\"margin: 10px 0;\"><iframe src=\"http:\/\/www.facebook.com\/plugins\/like.php?href=http%3A%2F%2F1001images.fr%2Fblog%2F%3Fp%3D1849&amp;layout=standard&amp;show_faces=true&amp;width=450&amp;action=like&amp;font=arial&amp;colorscheme=light\" scrolling=\"no\" frameborder=\"0\" allowTransparency=\"true\" style=\"border:none; overflow:hidden; width:450px; height:25px\"><\/iframe><\/div>\n<p>Merci \u00e0 la Gazette du Val d&rsquo;Oise, qui, sous la plume de Maxime Laffiac, a relay\u00e9 notre op\u00e9ration \u00ab\u00a0Petits Pots pour Grands Sourires 2018\u00a0\u00bb.<\/p>\n<p>Il est encore temps d&rsquo;y participer ! Un don pour le Secours Populaire, et c&rsquo;est une s\u00e9ance photo offerte pour vos enfants, sous l&rsquo;objectif d&rsquo;une photographe r\u00e9compens\u00e9e \u00e0 3 reprises par le titre de Portraitiste de France !<\/p>\n<p><a href=\"http:\/\/1001images.fr\/blog\/wp-content\/uploads\/2018\/01\/gazvaloise_Eedp_20180117-37.jpg\"><img loading=\"lazy\" decoding=\"async\" class=\"aligncenter size-large wp-image-1850\" src=\"http:\/\/1001images.fr\/blog\/wp-content\/uploads\/2018\/01\/gazvaloise_Eedp_20180117-37-495x700.jpg\" alt=\"\" width=\"495\" height=\"700\" srcset=\"http:\/\/1001images.fr\/blog\/wp-content\/uploads\/2018\/01\/gazvaloise_Eedp_20180117-37-495x700.jpg 495w, http:\/\/1001images.fr\/blog\/wp-content\/uploads\/2018\/01\/gazvaloise_Eedp_20180117-37-212x300.jpg 212w, http:\/\/1001images.fr\/blog\/wp-content\/uploads\/2018\/01\/gazvaloise_Eedp_20180117-37-768x1086.jpg 768w, http:\/\/1001images.fr\/blog\/wp-content\/uploads\/2018\/01\/gazvaloise_Eedp_20180117-37-973x1376.jpg 973w, http:\/\/1001images.fr\/blog\/wp-content\/uploads\/2018\/01\/gazvaloise_Eedp_20180117-37-508x718.jpg 508w\" sizes=\"(max-width: 495px) 100vw, 495px\" \/><\/a><\/p>\n","protected":false},"excerpt":{"rendered":"<p>Merci \u00e0 la Gazette du Val d&rsquo;Oise, qui, sous la plume de Maxime Laffiac, a relay\u00e9 notre op\u00e9ration \u00ab\u00a0Petits Pots pour Grands Sourires 2018\u00a0\u00bb. Il est encore temps&#8230;<\/p>\n","protected":false},"author":2,"featured_media":0,"comment_status":"open","ping_status":"open","sticky":false,"template":"","format":"standard","meta":{"footnotes":""},"categories":[147,5,72,21,91],"tags":[],"class_list":["post-1849","post","type-post","status-publish","format-standard","hentry","category-actualite","category-general","category-operations-speciales","category-portrait","category-id_presse"],"acf":[],"_links":{"self":[{"href":"http:\/\/1001images.fr\/blog\/index.php?rest_route=\/wp\/v2\/posts\/1849"}],"collection":[{"href":"http:\/\/1001images.fr\/blog\/index.php?rest_route=\/wp\/v2\/posts"}],"about":[{"href":"http:\/\/1001images.fr\/blog\/index.php?rest_route=\/wp\/v2\/types\/post"}],"author":[{"embeddable":true,"href":"http:\/\/1001images.fr\/blog\/index.php?rest_route=\/wp\/v2\/users\/2"}],"replies":[{"embeddable":true,"href":"http:\/\/1001images.fr\/blog\/index.php?rest_route=%2Fwp%2Fv2%2Fcomments&post=1849"}],"version-history":[{"count":1,"href":"http:\/\/1001images.fr\/blog\/index.php?rest_route=\/wp\/v2\/posts\/1849\/revisions"}],"predecessor-version":[{"id":1851,"href":"http:\/\/1001images.fr\/blog\/index.php?rest_route=\/wp\/v2\/posts\/1849\/revisions\/1851"}],"wp:attachment":[{"href":"http:\/\/1001images.fr\/blog\/index.php?rest_route=%2Fwp%2Fv2%2Fmedia&parent=1849"}],"wp:term":[{"taxonomy":"category","embeddable":true,"href":"http:\/\/1001images.fr\/blog\/index.php?rest_route=%2Fwp%2Fv2%2Fcategories&post=1849"},{"taxonomy":"post_tag","embeddable":true,"href":"http:\/\/1001images.fr\/blog\/index.php?rest_route=%2Fwp%2Fv2%2Ftags&post=1849"}],"curies":[{"name":"wp","href":"https:\/\/api.w.org\/{rel}","templated":true}]}}