{"id":997,"date":"2016-08-14T19:25:32","date_gmt":"2016-08-14T19:25:32","guid":{"rendered":"http:\/\/1001images.fr\/blog\/?p=997"},"modified":"2017-07-11T12:56:22","modified_gmt":"2017-07-11T12:56:22","slug":"bal-des-pompiers-dosny-13-juillet-2016","status":"publish","type":"post","link":"http:\/\/1001images.fr\/blog\/?p=997","title":{"rendered":"Bal des Pompiers d&rsquo;Osny &#8211; 13 juillet 2016"},"content":{"rendered":"<div class=\"fblike_button\" style=\"margin: 10px 0;\"><iframe src=\"http:\/\/www.facebook.com\/plugins\/like.php?href=http%3A%2F%2F1001images.fr%2Fblog%2F%3Fp%3D997&amp;layout=standard&amp;show_faces=true&amp;width=450&amp;action=like&amp;font=arial&amp;colorscheme=light\" scrolling=\"no\" frameborder=\"0\" allowTransparency=\"true\" style=\"border:none; overflow:hidden; width:450px; height:25px\"><\/iframe><\/div>\n<p>Quelle belle journ\u00e9e aupr\u00e8s des pompiers du SDIS 95, \u00e0 Osny, pour cette journ\u00e9e du 13 juillet 2016.<\/p>\n<p>Apr\u00e8s midi, portes ouvertes avec des animations pour les grands et les petits, puis place \u00e0 la musique en soir\u00e9e&#8230;<\/p>\n\n\t\t<style type=\"text\/css\">\n\t\t\t#gallery-1 {\n\t\t\t\tmargin: auto;\n\t\t\t}\n\t\t\t#gallery-1 .gallery-item {\n\t\t\t\tfloat: left;\n\t\t\t\tmargin-top: 10px;\n\t\t\t\ttext-align: center;\n\t\t\t\twidth: 33%;\n\t\t\t}\n\t\t\t#gallery-1 img {\n\t\t\t\tborder: 2px solid #cfcfcf;\n\t\t\t}\n\t\t\t#gallery-1 .gallery-caption {\n\t\t\t\tmargin-left: 0;\n\t\t\t}\n\t\t\t\/* see gallery_shortcode() in wp-includes\/media.php *\/\n\t\t<\/style>\n\t\t<div id='gallery-1' class='gallery galleryid-997 gallery-columns-3 gallery-size-large'><dl class='gallery-item'>\n\t\t\t<dt class='gallery-icon landscape'>\n\t\t\t\t<a href='http:\/\/1001images.fr\/blog\/?attachment_id=918'><img loading=\"lazy\" decoding=\"async\" width=\"620\" height=\"414\" src=\"http:\/\/1001images.fr\/blog\/wp-content\/uploads\/2017\/03\/ANIM001-700x467.jpg\" class=\"attachment-large size-large\" alt=\"\" aria-describedby=\"gallery-1-918\" srcset=\"http:\/\/1001images.fr\/blog\/wp-content\/uploads\/2017\/03\/ANIM001-700x467.jpg 700w, http:\/\/1001images.fr\/blog\/wp-content\/uploads\/2017\/03\/ANIM001-300x200.jpg 300w, http:\/\/1001images.fr\/blog\/wp-content\/uploads\/2017\/03\/ANIM001-768x513.jpg 768w, http:\/\/1001images.fr\/blog\/wp-content\/uploads\/2017\/03\/ANIM001.jpg 800w\" sizes=\"(max-width: 620px) 100vw, 620px\" \/><\/a>\n\t\t\t<\/dt>\n\t\t\t\t<dd class='wp-caption-text gallery-caption' id='gallery-1-918'>\n\t\t\t\tBal des Pompiers d&rsquo;Osny &#8211; 13 juillet 2016 &#8211; \u00a9 Marie-Louise LE GOFF \/ www.1001images.fr \/ tous droits r\u00e9serv\u00e9s.\n\t\t\t\t<\/dd><\/dl><dl class='gallery-item'>\n\t\t\t<dt class='gallery-icon landscape'>\n\t\t\t\t<a href='http:\/\/1001images.fr\/blog\/?attachment_id=919'><img loading=\"lazy\" decoding=\"async\" width=\"620\" height=\"414\" src=\"http:\/\/1001images.fr\/blog\/wp-content\/uploads\/2017\/03\/ANIM002-700x467.jpg\" class=\"attachment-large size-large\" alt=\"\" aria-describedby=\"gallery-1-919\" srcset=\"http:\/\/1001images.fr\/blog\/wp-content\/uploads\/2017\/03\/ANIM002-700x467.jpg 700w, http:\/\/1001images.fr\/blog\/wp-content\/uploads\/2017\/03\/ANIM002-300x200.jpg 300w, http:\/\/1001images.fr\/blog\/wp-content\/uploads\/2017\/03\/ANIM002-768x513.jpg 768w, http:\/\/1001images.fr\/blog\/wp-content\/uploads\/2017\/03\/ANIM002.jpg 800w\" sizes=\"(max-width: 620px) 100vw, 620px\" \/><\/a>\n\t\t\t<\/dt>\n\t\t\t\t<dd class='wp-caption-text gallery-caption' id='gallery-1-919'>\n\t\t\t\tBal des Pompiers d&rsquo;Osny &#8211; 13 juillet 2016 &#8211; \u00a9 Marie-Louise LE GOFF \/ www.1001images.fr \/ tous droits r\u00e9serv\u00e9s.\n\t\t\t\t<\/dd><\/dl><dl class='gallery-item'>\n\t\t\t<dt class='gallery-icon portrait'>\n\t\t\t\t<a href='http:\/\/1001images.fr\/blog\/?attachment_id=920'><img loading=\"lazy\" decoding=\"async\" width=\"467\" height=\"700\" src=\"http:\/\/1001images.fr\/blog\/wp-content\/uploads\/2017\/03\/ANIM005-467x700.jpg\" class=\"attachment-large size-large\" alt=\"\" aria-describedby=\"gallery-1-920\" srcset=\"http:\/\/1001images.fr\/blog\/wp-content\/uploads\/2017\/03\/ANIM005-467x700.jpg 467w, http:\/\/1001images.fr\/blog\/wp-content\/uploads\/2017\/03\/ANIM005-200x300.jpg 200w, http:\/\/1001images.fr\/blog\/wp-content\/uploads\/2017\/03\/ANIM005.jpg 534w\" sizes=\"(max-width: 467px) 100vw, 467px\" \/><\/a>\n\t\t\t<\/dt>\n\t\t\t\t<dd class='wp-caption-text gallery-caption' id='gallery-1-920'>\n\t\t\t\tBal des Pompiers d&rsquo;Osny &#8211; 13 juillet 2016 &#8211; \u00a9 Marie-Louise LE GOFF \/ www.1001images.fr \/ tous droits r\u00e9serv\u00e9s.\n\t\t\t\t<\/dd><\/dl><br style=\"clear: both\" \/><dl class='gallery-item'>\n\t\t\t<dt class='gallery-icon landscape'>\n\t\t\t\t<a href='http:\/\/1001images.fr\/blog\/?attachment_id=921'><img loading=\"lazy\" decoding=\"async\" width=\"620\" height=\"399\" src=\"http:\/\/1001images.fr\/blog\/wp-content\/uploads\/2017\/03\/ANIM007-700x451.jpg\" class=\"attachment-large size-large\" alt=\"\" aria-describedby=\"gallery-1-921\" srcset=\"http:\/\/1001images.fr\/blog\/wp-content\/uploads\/2017\/03\/ANIM007-700x451.jpg 700w, http:\/\/1001images.fr\/blog\/wp-content\/uploads\/2017\/03\/ANIM007-300x193.jpg 300w, http:\/\/1001images.fr\/blog\/wp-content\/uploads\/2017\/03\/ANIM007-768x494.jpg 768w, http:\/\/1001images.fr\/blog\/wp-content\/uploads\/2017\/03\/ANIM007.jpg 800w\" sizes=\"(max-width: 620px) 100vw, 620px\" \/><\/a>\n\t\t\t<\/dt>\n\t\t\t\t<dd class='wp-caption-text gallery-caption' id='gallery-1-921'>\n\t\t\t\tBal des Pompiers d&rsquo;Osny &#8211; 13 juillet 2016 &#8211; \u00a9 Marie-Louise LE GOFF \/ www.1001images.fr \/ tous droits r\u00e9serv\u00e9s.\n\t\t\t\t<\/dd><\/dl><dl class='gallery-item'>\n\t\t\t<dt class='gallery-icon landscape'>\n\t\t\t\t<a href='http:\/\/1001images.fr\/blog\/?attachment_id=922'><img loading=\"lazy\" decoding=\"async\" width=\"620\" height=\"497\" src=\"http:\/\/1001images.fr\/blog\/wp-content\/uploads\/2017\/03\/ANIM008-700x561.jpg\" class=\"attachment-large size-large\" alt=\"\" aria-describedby=\"gallery-1-922\" srcset=\"http:\/\/1001images.fr\/blog\/wp-content\/uploads\/2017\/03\/ANIM008-700x561.jpg 700w, http:\/\/1001images.fr\/blog\/wp-content\/uploads\/2017\/03\/ANIM008-300x240.jpg 300w, http:\/\/1001images.fr\/blog\/wp-content\/uploads\/2017\/03\/ANIM008-768x615.jpg 768w, http:\/\/1001images.fr\/blog\/wp-content\/uploads\/2017\/03\/ANIM008.jpg 800w\" sizes=\"(max-width: 620px) 100vw, 620px\" \/><\/a>\n\t\t\t<\/dt>\n\t\t\t\t<dd class='wp-caption-text gallery-caption' id='gallery-1-922'>\n\t\t\t\tBal des Pompiers d&rsquo;Osny &#8211; 13 juillet 2016 &#8211; \u00a9 Marie-Louise LE GOFF \/ www.1001images.fr \/ tous droits r\u00e9serv\u00e9s.\n\t\t\t\t<\/dd><\/dl><dl class='gallery-item'>\n\t\t\t<dt class='gallery-icon landscape'>\n\t\t\t\t<a href='http:\/\/1001images.fr\/blog\/?attachment_id=923'><img loading=\"lazy\" decoding=\"async\" width=\"620\" height=\"414\" src=\"http:\/\/1001images.fr\/blog\/wp-content\/uploads\/2017\/03\/ANIM009-700x467.jpg\" class=\"attachment-large size-large\" alt=\"\" aria-describedby=\"gallery-1-923\" srcset=\"http:\/\/1001images.fr\/blog\/wp-content\/uploads\/2017\/03\/ANIM009-700x467.jpg 700w, http:\/\/1001images.fr\/blog\/wp-content\/uploads\/2017\/03\/ANIM009-300x200.jpg 300w, http:\/\/1001images.fr\/blog\/wp-content\/uploads\/2017\/03\/ANIM009-768x513.jpg 768w, http:\/\/1001images.fr\/blog\/wp-content\/uploads\/2017\/03\/ANIM009.jpg 800w\" sizes=\"(max-width: 620px) 100vw, 620px\" \/><\/a>\n\t\t\t<\/dt>\n\t\t\t\t<dd class='wp-caption-text gallery-caption' id='gallery-1-923'>\n\t\t\t\tBal des Pompiers d&rsquo;Osny &#8211; 13 juillet 2016 &#8211; \u00a9 Marie-Louise LE GOFF \/ www.1001images.fr \/ tous droits r\u00e9serv\u00e9s.\n\t\t\t\t<\/dd><\/dl><br style=\"clear: both\" \/><dl class='gallery-item'>\n\t\t\t<dt class='gallery-icon landscape'>\n\t\t\t\t<a href='http:\/\/1001images.fr\/blog\/?attachment_id=924'><img loading=\"lazy\" decoding=\"async\" width=\"620\" height=\"620\" src=\"http:\/\/1001images.fr\/blog\/wp-content\/uploads\/2017\/03\/ANIM011-700x700.jpg\" class=\"attachment-large size-large\" alt=\"\" aria-describedby=\"gallery-1-924\" srcset=\"http:\/\/1001images.fr\/blog\/wp-content\/uploads\/2017\/03\/ANIM011-700x700.jpg 700w, http:\/\/1001images.fr\/blog\/wp-content\/uploads\/2017\/03\/ANIM011-150x150.jpg 150w, http:\/\/1001images.fr\/blog\/wp-content\/uploads\/2017\/03\/ANIM011-300x300.jpg 300w, http:\/\/1001images.fr\/blog\/wp-content\/uploads\/2017\/03\/ANIM011-768x768.jpg 768w, http:\/\/1001images.fr\/blog\/wp-content\/uploads\/2017\/03\/ANIM011-144x144.jpg 144w, http:\/\/1001images.fr\/blog\/wp-content\/uploads\/2017\/03\/ANIM011.jpg 800w\" sizes=\"(max-width: 620px) 100vw, 620px\" \/><\/a>\n\t\t\t<\/dt>\n\t\t\t\t<dd class='wp-caption-text gallery-caption' id='gallery-1-924'>\n\t\t\t\tBal des Pompiers d&rsquo;Osny &#8211; 13 juillet 2016 &#8211; \u00a9 Marie-Louise LE GOFF \/ www.1001images.fr \/ tous droits r\u00e9serv\u00e9s.\n\t\t\t\t<\/dd><\/dl><dl class='gallery-item'>\n\t\t\t<dt class='gallery-icon landscape'>\n\t\t\t\t<a href='http:\/\/1001images.fr\/blog\/?attachment_id=925'><img loading=\"lazy\" decoding=\"async\" width=\"620\" height=\"374\" src=\"http:\/\/1001images.fr\/blog\/wp-content\/uploads\/2017\/03\/ANIM012-700x422.jpg\" class=\"attachment-large size-large\" alt=\"\" aria-describedby=\"gallery-1-925\" srcset=\"http:\/\/1001images.fr\/blog\/wp-content\/uploads\/2017\/03\/ANIM012-700x422.jpg 700w, http:\/\/1001images.fr\/blog\/wp-content\/uploads\/2017\/03\/ANIM012-300x181.jpg 300w, http:\/\/1001images.fr\/blog\/wp-content\/uploads\/2017\/03\/ANIM012-768x463.jpg 768w, http:\/\/1001images.fr\/blog\/wp-content\/uploads\/2017\/03\/ANIM012.jpg 800w\" sizes=\"(max-width: 620px) 100vw, 620px\" \/><\/a>\n\t\t\t<\/dt>\n\t\t\t\t<dd class='wp-caption-text gallery-caption' id='gallery-1-925'>\n\t\t\t\tBal des Pompiers d&rsquo;Osny &#8211; 13 juillet 2016 &#8211; \u00a9 Marie-Louise LE GOFF \/ www.1001images.fr \/ tous droits r\u00e9serv\u00e9s.\n\t\t\t\t<\/dd><\/dl><dl class='gallery-item'>\n\t\t\t<dt class='gallery-icon landscape'>\n\t\t\t\t<a href='http:\/\/1001images.fr\/blog\/?attachment_id=926'><img loading=\"lazy\" decoding=\"async\" width=\"620\" height=\"414\" src=\"http:\/\/1001images.fr\/blog\/wp-content\/uploads\/2017\/03\/ANIM013-700x467.jpg\" class=\"attachment-large size-large\" alt=\"\" aria-describedby=\"gallery-1-926\" srcset=\"http:\/\/1001images.fr\/blog\/wp-content\/uploads\/2017\/03\/ANIM013-700x467.jpg 700w, http:\/\/1001images.fr\/blog\/wp-content\/uploads\/2017\/03\/ANIM013-300x200.jpg 300w, http:\/\/1001images.fr\/blog\/wp-content\/uploads\/2017\/03\/ANIM013-768x513.jpg 768w, http:\/\/1001images.fr\/blog\/wp-content\/uploads\/2017\/03\/ANIM013.jpg 800w\" sizes=\"(max-width: 620px) 100vw, 620px\" \/><\/a>\n\t\t\t<\/dt>\n\t\t\t\t<dd class='wp-caption-text gallery-caption' id='gallery-1-926'>\n\t\t\t\tBal des Pompiers d&rsquo;Osny &#8211; 13 juillet 2016 &#8211; \u00a9 Marie-Louise LE GOFF \/ www.1001images.fr \/ tous droits r\u00e9serv\u00e9s.\n\t\t\t\t<\/dd><\/dl><br style=\"clear: both\" \/><dl class='gallery-item'>\n\t\t\t<dt class='gallery-icon portrait'>\n\t\t\t\t<a href='http:\/\/1001images.fr\/blog\/?attachment_id=927'><img loading=\"lazy\" decoding=\"async\" width=\"560\" height=\"700\" src=\"http:\/\/1001images.fr\/blog\/wp-content\/uploads\/2017\/03\/ANIM014-560x700.jpg\" class=\"attachment-large size-large\" alt=\"\" aria-describedby=\"gallery-1-927\" srcset=\"http:\/\/1001images.fr\/blog\/wp-content\/uploads\/2017\/03\/ANIM014-560x700.jpg 560w, http:\/\/1001images.fr\/blog\/wp-content\/uploads\/2017\/03\/ANIM014-240x300.jpg 240w, http:\/\/1001images.fr\/blog\/wp-content\/uploads\/2017\/03\/ANIM014.jpg 640w\" sizes=\"(max-width: 560px) 100vw, 560px\" \/><\/a>\n\t\t\t<\/dt>\n\t\t\t\t<dd class='wp-caption-text gallery-caption' id='gallery-1-927'>\n\t\t\t\tBal des Pompiers d&rsquo;Osny &#8211; 13 juillet 2016 &#8211; \u00a9 Marie-Louise LE GOFF \/ www.1001images.fr \/ tous droits r\u00e9serv\u00e9s.\n\t\t\t\t<\/dd><\/dl><dl class='gallery-item'>\n\t\t\t<dt class='gallery-icon landscape'>\n\t\t\t\t<a href='http:\/\/1001images.fr\/blog\/?attachment_id=928'><img loading=\"lazy\" decoding=\"async\" width=\"620\" height=\"414\" src=\"http:\/\/1001images.fr\/blog\/wp-content\/uploads\/2017\/03\/ANIM015-700x467.jpg\" class=\"attachment-large size-large\" alt=\"\" aria-describedby=\"gallery-1-928\" srcset=\"http:\/\/1001images.fr\/blog\/wp-content\/uploads\/2017\/03\/ANIM015-700x467.jpg 700w, http:\/\/1001images.fr\/blog\/wp-content\/uploads\/2017\/03\/ANIM015-300x200.jpg 300w, http:\/\/1001images.fr\/blog\/wp-content\/uploads\/2017\/03\/ANIM015-768x513.jpg 768w, http:\/\/1001images.fr\/blog\/wp-content\/uploads\/2017\/03\/ANIM015.jpg 800w\" sizes=\"(max-width: 620px) 100vw, 620px\" \/><\/a>\n\t\t\t<\/dt>\n\t\t\t\t<dd class='wp-caption-text gallery-caption' id='gallery-1-928'>\n\t\t\t\tBal des Pompiers d&rsquo;Osny &#8211; 13 juillet 2016 &#8211; \u00a9 Marie-Louise LE GOFF \/ www.1001images.fr \/ tous droits r\u00e9serv\u00e9s.\n\t\t\t\t<\/dd><\/dl><dl class='gallery-item'>\n\t\t\t<dt class='gallery-icon portrait'>\n\t\t\t\t<a href='http:\/\/1001images.fr\/blog\/?attachment_id=929'><img loading=\"lazy\" decoding=\"async\" width=\"560\" height=\"700\" src=\"http:\/\/1001images.fr\/blog\/wp-content\/uploads\/2017\/03\/ANIM016-560x700.jpg\" class=\"attachment-large size-large\" alt=\"\" aria-describedby=\"gallery-1-929\" srcset=\"http:\/\/1001images.fr\/blog\/wp-content\/uploads\/2017\/03\/ANIM016-560x700.jpg 560w, http:\/\/1001images.fr\/blog\/wp-content\/uploads\/2017\/03\/ANIM016-240x300.jpg 240w, http:\/\/1001images.fr\/blog\/wp-content\/uploads\/2017\/03\/ANIM016.jpg 640w\" sizes=\"(max-width: 560px) 100vw, 560px\" \/><\/a>\n\t\t\t<\/dt>\n\t\t\t\t<dd class='wp-caption-text gallery-caption' id='gallery-1-929'>\n\t\t\t\tBal des Pompiers d&rsquo;Osny &#8211; 13 juillet 2016 &#8211; \u00a9 Marie-Louise LE GOFF \/ www.1001images.fr \/ tous droits r\u00e9serv\u00e9s.\n\t\t\t\t<\/dd><\/dl><br style=\"clear: both\" \/><dl class='gallery-item'>\n\t\t\t<dt class='gallery-icon portrait'>\n\t\t\t\t<a href='http:\/\/1001images.fr\/blog\/?attachment_id=930'><img loading=\"lazy\" decoding=\"async\" width=\"560\" height=\"700\" src=\"http:\/\/1001images.fr\/blog\/wp-content\/uploads\/2017\/03\/ANIM017-560x700.jpg\" class=\"attachment-large size-large\" alt=\"\" aria-describedby=\"gallery-1-930\" srcset=\"http:\/\/1001images.fr\/blog\/wp-content\/uploads\/2017\/03\/ANIM017-560x700.jpg 560w, http:\/\/1001images.fr\/blog\/wp-content\/uploads\/2017\/03\/ANIM017-240x300.jpg 240w, http:\/\/1001images.fr\/blog\/wp-content\/uploads\/2017\/03\/ANIM017.jpg 640w\" sizes=\"(max-width: 560px) 100vw, 560px\" \/><\/a>\n\t\t\t<\/dt>\n\t\t\t\t<dd class='wp-caption-text gallery-caption' id='gallery-1-930'>\n\t\t\t\tBal des Pompiers d&rsquo;Osny &#8211; 13 juillet 2016 &#8211; \u00a9 Marie-Louise LE GOFF \/ www.1001images.fr \/ tous droits r\u00e9serv\u00e9s.\n\t\t\t\t<\/dd><\/dl><dl class='gallery-item'>\n\t\t\t<dt class='gallery-icon landscape'>\n\t\t\t\t<a href='http:\/\/1001images.fr\/blog\/?attachment_id=931'><img loading=\"lazy\" decoding=\"async\" width=\"620\" height=\"349\" src=\"http:\/\/1001images.fr\/blog\/wp-content\/uploads\/2017\/03\/ANIM018-700x394.jpg\" class=\"attachment-large size-large\" alt=\"\" aria-describedby=\"gallery-1-931\" srcset=\"http:\/\/1001images.fr\/blog\/wp-content\/uploads\/2017\/03\/ANIM018-700x394.jpg 700w, http:\/\/1001images.fr\/blog\/wp-content\/uploads\/2017\/03\/ANIM018-300x169.jpg 300w, http:\/\/1001images.fr\/blog\/wp-content\/uploads\/2017\/03\/ANIM018-768x432.jpg 768w, http:\/\/1001images.fr\/blog\/wp-content\/uploads\/2017\/03\/ANIM018.jpg 800w\" sizes=\"(max-width: 620px) 100vw, 620px\" \/><\/a>\n\t\t\t<\/dt>\n\t\t\t\t<dd class='wp-caption-text gallery-caption' id='gallery-1-931'>\n\t\t\t\tBal des Pompiers d&rsquo;Osny &#8211; 13 juillet 2016 &#8211; \u00a9 Marie-Louise LE GOFF \/ www.1001images.fr \/ tous droits r\u00e9serv\u00e9s.\n\t\t\t\t<\/dd><\/dl><dl class='gallery-item'>\n\t\t\t<dt class='gallery-icon portrait'>\n\t\t\t\t<a href='http:\/\/1001images.fr\/blog\/?attachment_id=932'><img loading=\"lazy\" decoding=\"async\" width=\"560\" height=\"700\" src=\"http:\/\/1001images.fr\/blog\/wp-content\/uploads\/2017\/03\/ANIM019-560x700.jpg\" class=\"attachment-large size-large\" alt=\"\" aria-describedby=\"gallery-1-932\" srcset=\"http:\/\/1001images.fr\/blog\/wp-content\/uploads\/2017\/03\/ANIM019-560x700.jpg 560w, http:\/\/1001images.fr\/blog\/wp-content\/uploads\/2017\/03\/ANIM019-240x300.jpg 240w, http:\/\/1001images.fr\/blog\/wp-content\/uploads\/2017\/03\/ANIM019.jpg 640w\" sizes=\"(max-width: 560px) 100vw, 560px\" \/><\/a>\n\t\t\t<\/dt>\n\t\t\t\t<dd class='wp-caption-text gallery-caption' id='gallery-1-932'>\n\t\t\t\tBal des Pompiers d&rsquo;Osny &#8211; 13 juillet 2016 &#8211; \u00a9 Marie-Louise LE GOFF \/ www.1001images.fr \/ tous droits r\u00e9serv\u00e9s.\n\t\t\t\t<\/dd><\/dl><br style=\"clear: both\" \/><dl class='gallery-item'>\n\t\t\t<dt class='gallery-icon landscape'>\n\t\t\t\t<a href='http:\/\/1001images.fr\/blog\/?attachment_id=933'><img loading=\"lazy\" decoding=\"async\" width=\"620\" height=\"414\" src=\"http:\/\/1001images.fr\/blog\/wp-content\/uploads\/2017\/03\/ANIM020-700x467.jpg\" class=\"attachment-large size-large\" alt=\"\" aria-describedby=\"gallery-1-933\" srcset=\"http:\/\/1001images.fr\/blog\/wp-content\/uploads\/2017\/03\/ANIM020-700x467.jpg 700w, http:\/\/1001images.fr\/blog\/wp-content\/uploads\/2017\/03\/ANIM020-300x200.jpg 300w, http:\/\/1001images.fr\/blog\/wp-content\/uploads\/2017\/03\/ANIM020-768x513.jpg 768w, http:\/\/1001images.fr\/blog\/wp-content\/uploads\/2017\/03\/ANIM020.jpg 800w\" sizes=\"(max-width: 620px) 100vw, 620px\" \/><\/a>\n\t\t\t<\/dt>\n\t\t\t\t<dd class='wp-caption-text gallery-caption' id='gallery-1-933'>\n\t\t\t\tBal des Pompiers d&rsquo;Osny &#8211; 13 juillet 2016 &#8211; \u00a9 Marie-Louise LE GOFF \/ www.1001images.fr \/ tous droits r\u00e9serv\u00e9s.\n\t\t\t\t<\/dd><\/dl><dl class='gallery-item'>\n\t\t\t<dt class='gallery-icon landscape'>\n\t\t\t\t<a href='http:\/\/1001images.fr\/blog\/?attachment_id=934'><img loading=\"lazy\" decoding=\"async\" width=\"620\" height=\"414\" src=\"http:\/\/1001images.fr\/blog\/wp-content\/uploads\/2017\/03\/ANIM021-700x467.jpg\" class=\"attachment-large size-large\" alt=\"\" aria-describedby=\"gallery-1-934\" srcset=\"http:\/\/1001images.fr\/blog\/wp-content\/uploads\/2017\/03\/ANIM021-700x467.jpg 700w, http:\/\/1001images.fr\/blog\/wp-content\/uploads\/2017\/03\/ANIM021-300x200.jpg 300w, http:\/\/1001images.fr\/blog\/wp-content\/uploads\/2017\/03\/ANIM021-768x513.jpg 768w, http:\/\/1001images.fr\/blog\/wp-content\/uploads\/2017\/03\/ANIM021.jpg 800w\" sizes=\"(max-width: 620px) 100vw, 620px\" \/><\/a>\n\t\t\t<\/dt>\n\t\t\t\t<dd class='wp-caption-text gallery-caption' id='gallery-1-934'>\n\t\t\t\tBal des Pompiers d&rsquo;Osny &#8211; 13 juillet 2016 &#8211; \u00a9 Marie-Louise LE GOFF \/ www.1001images.fr \/ tous droits r\u00e9serv\u00e9s.\n\t\t\t\t<\/dd><\/dl><dl class='gallery-item'>\n\t\t\t<dt class='gallery-icon landscape'>\n\t\t\t\t<a href='http:\/\/1001images.fr\/blog\/?attachment_id=935'><img loading=\"lazy\" decoding=\"async\" width=\"620\" height=\"414\" src=\"http:\/\/1001images.fr\/blog\/wp-content\/uploads\/2017\/03\/ANIM022-700x467.jpg\" class=\"attachment-large size-large\" alt=\"\" aria-describedby=\"gallery-1-935\" srcset=\"http:\/\/1001images.fr\/blog\/wp-content\/uploads\/2017\/03\/ANIM022-700x467.jpg 700w, http:\/\/1001images.fr\/blog\/wp-content\/uploads\/2017\/03\/ANIM022-300x200.jpg 300w, http:\/\/1001images.fr\/blog\/wp-content\/uploads\/2017\/03\/ANIM022-768x513.jpg 768w, http:\/\/1001images.fr\/blog\/wp-content\/uploads\/2017\/03\/ANIM022.jpg 800w\" sizes=\"(max-width: 620px) 100vw, 620px\" \/><\/a>\n\t\t\t<\/dt>\n\t\t\t\t<dd class='wp-caption-text gallery-caption' id='gallery-1-935'>\n\t\t\t\tBal des Pompiers d&rsquo;Osny &#8211; 13 juillet 2016 &#8211; \u00a9 Marie-Louise LE GOFF \/ www.1001images.fr \/ tous droits r\u00e9serv\u00e9s.\n\t\t\t\t<\/dd><\/dl><br style=\"clear: both\" \/><dl class='gallery-item'>\n\t\t\t<dt class='gallery-icon landscape'>\n\t\t\t\t<a href='http:\/\/1001images.fr\/blog\/?attachment_id=936'><img loading=\"lazy\" decoding=\"async\" width=\"620\" height=\"349\" src=\"http:\/\/1001images.fr\/blog\/wp-content\/uploads\/2017\/03\/ANIM023-700x394.jpg\" class=\"attachment-large size-large\" alt=\"\" aria-describedby=\"gallery-1-936\" srcset=\"http:\/\/1001images.fr\/blog\/wp-content\/uploads\/2017\/03\/ANIM023-700x394.jpg 700w, http:\/\/1001images.fr\/blog\/wp-content\/uploads\/2017\/03\/ANIM023-300x169.jpg 300w, http:\/\/1001images.fr\/blog\/wp-content\/uploads\/2017\/03\/ANIM023-768x432.jpg 768w, http:\/\/1001images.fr\/blog\/wp-content\/uploads\/2017\/03\/ANIM023.jpg 800w\" sizes=\"(max-width: 620px) 100vw, 620px\" \/><\/a>\n\t\t\t<\/dt>\n\t\t\t\t<dd class='wp-caption-text gallery-caption' id='gallery-1-936'>\n\t\t\t\tBal des Pompiers d&rsquo;Osny &#8211; 13 juillet 2016 &#8211; \u00a9 Marie-Louise LE GOFF \/ www.1001images.fr \/ tous droits r\u00e9serv\u00e9s.\n\t\t\t\t<\/dd><\/dl><dl class='gallery-item'>\n\t\t\t<dt class='gallery-icon landscape'>\n\t\t\t\t<a href='http:\/\/1001images.fr\/blog\/?attachment_id=937'><img loading=\"lazy\" decoding=\"async\" width=\"620\" height=\"349\" src=\"http:\/\/1001images.fr\/blog\/wp-content\/uploads\/2017\/03\/ANIM024-700x394.jpg\" class=\"attachment-large size-large\" alt=\"\" aria-describedby=\"gallery-1-937\" srcset=\"http:\/\/1001images.fr\/blog\/wp-content\/uploads\/2017\/03\/ANIM024-700x394.jpg 700w, http:\/\/1001images.fr\/blog\/wp-content\/uploads\/2017\/03\/ANIM024-300x169.jpg 300w, http:\/\/1001images.fr\/blog\/wp-content\/uploads\/2017\/03\/ANIM024-768x432.jpg 768w, http:\/\/1001images.fr\/blog\/wp-content\/uploads\/2017\/03\/ANIM024.jpg 800w\" sizes=\"(max-width: 620px) 100vw, 620px\" \/><\/a>\n\t\t\t<\/dt>\n\t\t\t\t<dd class='wp-caption-text gallery-caption' id='gallery-1-937'>\n\t\t\t\tBal des Pompiers d&rsquo;Osny &#8211; 13 juillet 2016 &#8211; \u00a9 Marie-Louise LE GOFF \/ www.1001images.fr \/ tous droits r\u00e9serv\u00e9s.\n\t\t\t\t<\/dd><\/dl><dl class='gallery-item'>\n\t\t\t<dt class='gallery-icon landscape'>\n\t\t\t\t<a href='http:\/\/1001images.fr\/blog\/?attachment_id=938'><img loading=\"lazy\" decoding=\"async\" width=\"620\" height=\"332\" src=\"http:\/\/1001images.fr\/blog\/wp-content\/uploads\/2017\/03\/ANIM025-700x375.jpg\" class=\"attachment-large size-large\" alt=\"\" aria-describedby=\"gallery-1-938\" srcset=\"http:\/\/1001images.fr\/blog\/wp-content\/uploads\/2017\/03\/ANIM025-700x375.jpg 700w, http:\/\/1001images.fr\/blog\/wp-content\/uploads\/2017\/03\/ANIM025-300x161.jpg 300w, http:\/\/1001images.fr\/blog\/wp-content\/uploads\/2017\/03\/ANIM025-768x411.jpg 768w, http:\/\/1001images.fr\/blog\/wp-content\/uploads\/2017\/03\/ANIM025.jpg 800w\" sizes=\"(max-width: 620px) 100vw, 620px\" \/><\/a>\n\t\t\t<\/dt>\n\t\t\t\t<dd class='wp-caption-text gallery-caption' id='gallery-1-938'>\n\t\t\t\tBal des Pompiers d&rsquo;Osny &#8211; 13 juillet 2016 &#8211; \u00a9 Marie-Louise LE GOFF \/ www.1001images.fr \/ tous droits r\u00e9serv\u00e9s.\n\t\t\t\t<\/dd><\/dl><br style=\"clear: both\" \/><dl class='gallery-item'>\n\t\t\t<dt class='gallery-icon landscape'>\n\t\t\t\t<a href='http:\/\/1001images.fr\/blog\/?attachment_id=939'><img loading=\"lazy\" decoding=\"async\" width=\"620\" height=\"319\" src=\"http:\/\/1001images.fr\/blog\/wp-content\/uploads\/2017\/03\/ANIM026-700x360.jpg\" class=\"attachment-large size-large\" alt=\"\" aria-describedby=\"gallery-1-939\" srcset=\"http:\/\/1001images.fr\/blog\/wp-content\/uploads\/2017\/03\/ANIM026-700x360.jpg 700w, http:\/\/1001images.fr\/blog\/wp-content\/uploads\/2017\/03\/ANIM026-300x154.jpg 300w, http:\/\/1001images.fr\/blog\/wp-content\/uploads\/2017\/03\/ANIM026-768x395.jpg 768w, http:\/\/1001images.fr\/blog\/wp-content\/uploads\/2017\/03\/ANIM026.jpg 800w\" sizes=\"(max-width: 620px) 100vw, 620px\" \/><\/a>\n\t\t\t<\/dt>\n\t\t\t\t<dd class='wp-caption-text gallery-caption' id='gallery-1-939'>\n\t\t\t\tBal des Pompiers d&rsquo;Osny &#8211; 13 juillet 2016 &#8211; \u00a9 Marie-Louise LE GOFF \/ www.1001images.fr \/ tous droits r\u00e9serv\u00e9s.\n\t\t\t\t<\/dd><\/dl><dl class='gallery-item'>\n\t\t\t<dt class='gallery-icon landscape'>\n\t\t\t\t<a href='http:\/\/1001images.fr\/blog\/?attachment_id=940'><img loading=\"lazy\" decoding=\"async\" width=\"620\" height=\"496\" src=\"http:\/\/1001images.fr\/blog\/wp-content\/uploads\/2017\/03\/ANIM027-700x560.jpg\" class=\"attachment-large size-large\" alt=\"\" aria-describedby=\"gallery-1-940\" srcset=\"http:\/\/1001images.fr\/blog\/wp-content\/uploads\/2017\/03\/ANIM027-700x560.jpg 700w, http:\/\/1001images.fr\/blog\/wp-content\/uploads\/2017\/03\/ANIM027-300x240.jpg 300w, http:\/\/1001images.fr\/blog\/wp-content\/uploads\/2017\/03\/ANIM027-768x614.jpg 768w, http:\/\/1001images.fr\/blog\/wp-content\/uploads\/2017\/03\/ANIM027.jpg 800w\" sizes=\"(max-width: 620px) 100vw, 620px\" \/><\/a>\n\t\t\t<\/dt>\n\t\t\t\t<dd class='wp-caption-text gallery-caption' id='gallery-1-940'>\n\t\t\t\tBal des Pompiers d&rsquo;Osny &#8211; 13 juillet 2016 &#8211; \u00a9 Marie-Louise LE GOFF \/ www.1001images.fr \/ tous droits r\u00e9serv\u00e9s.\n\t\t\t\t<\/dd><\/dl><dl class='gallery-item'>\n\t\t\t<dt class='gallery-icon landscape'>\n\t\t\t\t<a href='http:\/\/1001images.fr\/blog\/?attachment_id=941'><img loading=\"lazy\" decoding=\"async\" width=\"620\" height=\"496\" src=\"http:\/\/1001images.fr\/blog\/wp-content\/uploads\/2017\/03\/ANIM028-700x560.jpg\" class=\"attachment-large size-large\" alt=\"\" aria-describedby=\"gallery-1-941\" srcset=\"http:\/\/1001images.fr\/blog\/wp-content\/uploads\/2017\/03\/ANIM028-700x560.jpg 700w, http:\/\/1001images.fr\/blog\/wp-content\/uploads\/2017\/03\/ANIM028-300x240.jpg 300w, http:\/\/1001images.fr\/blog\/wp-content\/uploads\/2017\/03\/ANIM028-768x614.jpg 768w, http:\/\/1001images.fr\/blog\/wp-content\/uploads\/2017\/03\/ANIM028.jpg 800w\" sizes=\"(max-width: 620px) 100vw, 620px\" \/><\/a>\n\t\t\t<\/dt>\n\t\t\t\t<dd class='wp-caption-text gallery-caption' id='gallery-1-941'>\n\t\t\t\tBal des Pompiers d&rsquo;Osny &#8211; 13 juillet 2016 &#8211; \u00a9 Marie-Louise LE GOFF \/ www.1001images.fr \/ tous droits r\u00e9serv\u00e9s.\n\t\t\t\t<\/dd><\/dl><br style=\"clear: both\" \/><dl class='gallery-item'>\n\t\t\t<dt class='gallery-icon portrait'>\n\t\t\t\t<a href='http:\/\/1001images.fr\/blog\/?attachment_id=942'><img loading=\"lazy\" decoding=\"async\" width=\"467\" height=\"700\" src=\"http:\/\/1001images.fr\/blog\/wp-content\/uploads\/2017\/03\/ANIM029-467x700.jpg\" class=\"attachment-large size-large\" alt=\"\" aria-describedby=\"gallery-1-942\" srcset=\"http:\/\/1001images.fr\/blog\/wp-content\/uploads\/2017\/03\/ANIM029-467x700.jpg 467w, http:\/\/1001images.fr\/blog\/wp-content\/uploads\/2017\/03\/ANIM029-200x300.jpg 200w, http:\/\/1001images.fr\/blog\/wp-content\/uploads\/2017\/03\/ANIM029.jpg 534w\" sizes=\"(max-width: 467px) 100vw, 467px\" \/><\/a>\n\t\t\t<\/dt>\n\t\t\t\t<dd class='wp-caption-text gallery-caption' id='gallery-1-942'>\n\t\t\t\tBal des Pompiers d&rsquo;Osny &#8211; 13 juillet 2016 &#8211; \u00a9 Marie-Louise LE GOFF \/ www.1001images.fr \/ tous droits r\u00e9serv\u00e9s.\n\t\t\t\t<\/dd><\/dl><dl class='gallery-item'>\n\t\t\t<dt class='gallery-icon portrait'>\n\t\t\t\t<a href='http:\/\/1001images.fr\/blog\/?attachment_id=943'><img loading=\"lazy\" decoding=\"async\" width=\"560\" height=\"700\" src=\"http:\/\/1001images.fr\/blog\/wp-content\/uploads\/2017\/03\/ANIM031-560x700.jpg\" class=\"attachment-large size-large\" alt=\"\" aria-describedby=\"gallery-1-943\" srcset=\"http:\/\/1001images.fr\/blog\/wp-content\/uploads\/2017\/03\/ANIM031-560x700.jpg 560w, http:\/\/1001images.fr\/blog\/wp-content\/uploads\/2017\/03\/ANIM031-240x300.jpg 240w, http:\/\/1001images.fr\/blog\/wp-content\/uploads\/2017\/03\/ANIM031.jpg 640w\" sizes=\"(max-width: 560px) 100vw, 560px\" \/><\/a>\n\t\t\t<\/dt>\n\t\t\t\t<dd class='wp-caption-text gallery-caption' id='gallery-1-943'>\n\t\t\t\tBal des Pompiers d&rsquo;Osny &#8211; 13 juillet 2016 &#8211; \u00a9 Marie-Louise LE GOFF \/ www.1001images.fr \/ tous droits r\u00e9serv\u00e9s.\n\t\t\t\t<\/dd><\/dl><dl class='gallery-item'>\n\t\t\t<dt class='gallery-icon landscape'>\n\t\t\t\t<a href='http:\/\/1001images.fr\/blog\/?attachment_id=944'><img loading=\"lazy\" decoding=\"async\" width=\"620\" height=\"463\" src=\"http:\/\/1001images.fr\/blog\/wp-content\/uploads\/2017\/03\/ANIM032-700x523.jpg\" class=\"attachment-large size-large\" alt=\"\" aria-describedby=\"gallery-1-944\" srcset=\"http:\/\/1001images.fr\/blog\/wp-content\/uploads\/2017\/03\/ANIM032-700x523.jpg 700w, http:\/\/1001images.fr\/blog\/wp-content\/uploads\/2017\/03\/ANIM032-300x224.jpg 300w, http:\/\/1001images.fr\/blog\/wp-content\/uploads\/2017\/03\/ANIM032-768x574.jpg 768w, http:\/\/1001images.fr\/blog\/wp-content\/uploads\/2017\/03\/ANIM032.jpg 800w\" sizes=\"(max-width: 620px) 100vw, 620px\" \/><\/a>\n\t\t\t<\/dt>\n\t\t\t\t<dd class='wp-caption-text gallery-caption' id='gallery-1-944'>\n\t\t\t\tBal des Pompiers d&rsquo;Osny &#8211; 13 juillet 2016 &#8211; \u00a9 Marie-Louise LE GOFF \/ www.1001images.fr \/ tous droits r\u00e9serv\u00e9s.\n\t\t\t\t<\/dd><\/dl><br style=\"clear: both\" \/><dl class='gallery-item'>\n\t\t\t<dt class='gallery-icon landscape'>\n\t\t\t\t<a href='http:\/\/1001images.fr\/blog\/?attachment_id=945'><img loading=\"lazy\" decoding=\"async\" width=\"620\" height=\"414\" src=\"http:\/\/1001images.fr\/blog\/wp-content\/uploads\/2017\/03\/ANIM033-700x467.jpg\" class=\"attachment-large size-large\" alt=\"\" aria-describedby=\"gallery-1-945\" srcset=\"http:\/\/1001images.fr\/blog\/wp-content\/uploads\/2017\/03\/ANIM033-700x467.jpg 700w, http:\/\/1001images.fr\/blog\/wp-content\/uploads\/2017\/03\/ANIM033-300x200.jpg 300w, http:\/\/1001images.fr\/blog\/wp-content\/uploads\/2017\/03\/ANIM033-768x513.jpg 768w, http:\/\/1001images.fr\/blog\/wp-content\/uploads\/2017\/03\/ANIM033.jpg 800w\" sizes=\"(max-width: 620px) 100vw, 620px\" \/><\/a>\n\t\t\t<\/dt>\n\t\t\t\t<dd class='wp-caption-text gallery-caption' id='gallery-1-945'>\n\t\t\t\tBal des Pompiers d&rsquo;Osny &#8211; 13 juillet 2016 &#8211; \u00a9 Marie-Louise LE GOFF \/ www.1001images.fr \/ tous droits r\u00e9serv\u00e9s.\n\t\t\t\t<\/dd><\/dl><dl class='gallery-item'>\n\t\t\t<dt class='gallery-icon landscape'>\n\t\t\t\t<a href='http:\/\/1001images.fr\/blog\/?attachment_id=946'><img loading=\"lazy\" decoding=\"async\" width=\"620\" height=\"414\" src=\"http:\/\/1001images.fr\/blog\/wp-content\/uploads\/2017\/03\/ANIM034-700x467.jpg\" class=\"attachment-large size-large\" alt=\"\" aria-describedby=\"gallery-1-946\" srcset=\"http:\/\/1001images.fr\/blog\/wp-content\/uploads\/2017\/03\/ANIM034-700x467.jpg 700w, http:\/\/1001images.fr\/blog\/wp-content\/uploads\/2017\/03\/ANIM034-300x200.jpg 300w, http:\/\/1001images.fr\/blog\/wp-content\/uploads\/2017\/03\/ANIM034-768x513.jpg 768w, http:\/\/1001images.fr\/blog\/wp-content\/uploads\/2017\/03\/ANIM034.jpg 800w\" sizes=\"(max-width: 620px) 100vw, 620px\" \/><\/a>\n\t\t\t<\/dt>\n\t\t\t\t<dd class='wp-caption-text gallery-caption' id='gallery-1-946'>\n\t\t\t\tBal des Pompiers d&rsquo;Osny &#8211; 13 juillet 2016 &#8211; \u00a9 Marie-Louise LE GOFF \/ www.1001images.fr \/ tous droits r\u00e9serv\u00e9s.\n\t\t\t\t<\/dd><\/dl><dl class='gallery-item'>\n\t\t\t<dt class='gallery-icon landscape'>\n\t\t\t\t<a href='http:\/\/1001images.fr\/blog\/?attachment_id=947'><img loading=\"lazy\" decoding=\"async\" width=\"620\" height=\"500\" src=\"http:\/\/1001images.fr\/blog\/wp-content\/uploads\/2017\/03\/ANIM035-700x564.jpg\" class=\"attachment-large size-large\" alt=\"\" aria-describedby=\"gallery-1-947\" srcset=\"http:\/\/1001images.fr\/blog\/wp-content\/uploads\/2017\/03\/ANIM035-700x564.jpg 700w, http:\/\/1001images.fr\/blog\/wp-content\/uploads\/2017\/03\/ANIM035-300x242.jpg 300w, http:\/\/1001images.fr\/blog\/wp-content\/uploads\/2017\/03\/ANIM035-768x619.jpg 768w, http:\/\/1001images.fr\/blog\/wp-content\/uploads\/2017\/03\/ANIM035.jpg 800w\" sizes=\"(max-width: 620px) 100vw, 620px\" \/><\/a>\n\t\t\t<\/dt>\n\t\t\t\t<dd class='wp-caption-text gallery-caption' id='gallery-1-947'>\n\t\t\t\tBal des Pompiers d&rsquo;Osny &#8211; 13 juillet 2016 &#8211; \u00a9 Marie-Louise LE GOFF \/ www.1001images.fr \/ tous droits r\u00e9serv\u00e9s.\n\t\t\t\t<\/dd><\/dl><br style=\"clear: both\" \/><dl class='gallery-item'>\n\t\t\t<dt class='gallery-icon portrait'>\n\t\t\t\t<a href='http:\/\/1001images.fr\/blog\/?attachment_id=948'><img loading=\"lazy\" decoding=\"async\" width=\"471\" height=\"700\" src=\"http:\/\/1001images.fr\/blog\/wp-content\/uploads\/2017\/03\/ANIM036-471x700.jpg\" class=\"attachment-large size-large\" alt=\"\" aria-describedby=\"gallery-1-948\" srcset=\"http:\/\/1001images.fr\/blog\/wp-content\/uploads\/2017\/03\/ANIM036-471x700.jpg 471w, http:\/\/1001images.fr\/blog\/wp-content\/uploads\/2017\/03\/ANIM036-202x300.jpg 202w, http:\/\/1001images.fr\/blog\/wp-content\/uploads\/2017\/03\/ANIM036.jpg 538w\" sizes=\"(max-width: 471px) 100vw, 471px\" \/><\/a>\n\t\t\t<\/dt>\n\t\t\t\t<dd class='wp-caption-text gallery-caption' id='gallery-1-948'>\n\t\t\t\tBal des Pompiers d&rsquo;Osny &#8211; 13 juillet 2016 &#8211; \u00a9 Marie-Louise LE GOFF \/ www.1001images.fr \/ tous droits r\u00e9serv\u00e9s.\n\t\t\t\t<\/dd><\/dl><dl class='gallery-item'>\n\t\t\t<dt class='gallery-icon landscape'>\n\t\t\t\t<a href='http:\/\/1001images.fr\/blog\/?attachment_id=949'><img loading=\"lazy\" decoding=\"async\" width=\"620\" height=\"548\" src=\"http:\/\/1001images.fr\/blog\/wp-content\/uploads\/2017\/03\/ANIM037-700x619.jpg\" class=\"attachment-large size-large\" alt=\"\" aria-describedby=\"gallery-1-949\" srcset=\"http:\/\/1001images.fr\/blog\/wp-content\/uploads\/2017\/03\/ANIM037-700x619.jpg 700w, http:\/\/1001images.fr\/blog\/wp-content\/uploads\/2017\/03\/ANIM037-300x265.jpg 300w, http:\/\/1001images.fr\/blog\/wp-content\/uploads\/2017\/03\/ANIM037-768x679.jpg 768w, http:\/\/1001images.fr\/blog\/wp-content\/uploads\/2017\/03\/ANIM037.jpg 800w\" sizes=\"(max-width: 620px) 100vw, 620px\" \/><\/a>\n\t\t\t<\/dt>\n\t\t\t\t<dd class='wp-caption-text gallery-caption' id='gallery-1-949'>\n\t\t\t\tBal des Pompiers d&rsquo;Osny &#8211; 13 juillet 2016 &#8211; \u00a9 Marie-Louise LE GOFF \/ www.1001images.fr \/ tous droits r\u00e9serv\u00e9s.\n\t\t\t\t<\/dd><\/dl><dl class='gallery-item'>\n\t\t\t<dt class='gallery-icon landscape'>\n\t\t\t\t<a href='http:\/\/1001images.fr\/blog\/?attachment_id=950'><img loading=\"lazy\" decoding=\"async\" width=\"620\" height=\"378\" src=\"http:\/\/1001images.fr\/blog\/wp-content\/uploads\/2017\/03\/ANIM038-700x427.jpg\" class=\"attachment-large size-large\" alt=\"\" aria-describedby=\"gallery-1-950\" srcset=\"http:\/\/1001images.fr\/blog\/wp-content\/uploads\/2017\/03\/ANIM038-700x427.jpg 700w, http:\/\/1001images.fr\/blog\/wp-content\/uploads\/2017\/03\/ANIM038-300x183.jpg 300w, http:\/\/1001images.fr\/blog\/wp-content\/uploads\/2017\/03\/ANIM038-768x468.jpg 768w, http:\/\/1001images.fr\/blog\/wp-content\/uploads\/2017\/03\/ANIM038.jpg 800w\" sizes=\"(max-width: 620px) 100vw, 620px\" \/><\/a>\n\t\t\t<\/dt>\n\t\t\t\t<dd class='wp-caption-text gallery-caption' id='gallery-1-950'>\n\t\t\t\tBal des Pompiers d&rsquo;Osny &#8211; 13 juillet 2016 &#8211; \u00a9 Marie-Louise LE GOFF \/ www.1001images.fr \/ tous droits r\u00e9serv\u00e9s.\n\t\t\t\t<\/dd><\/dl><br style=\"clear: both\" \/><dl class='gallery-item'>\n\t\t\t<dt class='gallery-icon landscape'>\n\t\t\t\t<a href='http:\/\/1001images.fr\/blog\/?attachment_id=951'><img loading=\"lazy\" decoding=\"async\" width=\"620\" height=\"491\" src=\"http:\/\/1001images.fr\/blog\/wp-content\/uploads\/2017\/03\/ANIM039-700x554.jpg\" class=\"attachment-large size-large\" alt=\"\" aria-describedby=\"gallery-1-951\" srcset=\"http:\/\/1001images.fr\/blog\/wp-content\/uploads\/2017\/03\/ANIM039-700x554.jpg 700w, http:\/\/1001images.fr\/blog\/wp-content\/uploads\/2017\/03\/ANIM039-300x237.jpg 300w, http:\/\/1001images.fr\/blog\/wp-content\/uploads\/2017\/03\/ANIM039-768x608.jpg 768w, http:\/\/1001images.fr\/blog\/wp-content\/uploads\/2017\/03\/ANIM039.jpg 800w\" sizes=\"(max-width: 620px) 100vw, 620px\" \/><\/a>\n\t\t\t<\/dt>\n\t\t\t\t<dd class='wp-caption-text gallery-caption' id='gallery-1-951'>\n\t\t\t\tBal des Pompiers d&rsquo;Osny &#8211; 13 juillet 2016 &#8211; \u00a9 Marie-Louise LE GOFF \/ www.1001images.fr \/ tous droits r\u00e9serv\u00e9s.\n\t\t\t\t<\/dd><\/dl><dl class='gallery-item'>\n\t\t\t<dt class='gallery-icon landscape'>\n\t\t\t\t<a href='http:\/\/1001images.fr\/blog\/?attachment_id=952'><img loading=\"lazy\" decoding=\"async\" width=\"620\" height=\"378\" src=\"http:\/\/1001images.fr\/blog\/wp-content\/uploads\/2017\/03\/ANIM040-700x427.jpg\" class=\"attachment-large size-large\" alt=\"\" aria-describedby=\"gallery-1-952\" srcset=\"http:\/\/1001images.fr\/blog\/wp-content\/uploads\/2017\/03\/ANIM040-700x427.jpg 700w, http:\/\/1001images.fr\/blog\/wp-content\/uploads\/2017\/03\/ANIM040-300x183.jpg 300w, http:\/\/1001images.fr\/blog\/wp-content\/uploads\/2017\/03\/ANIM040-768x468.jpg 768w, http:\/\/1001images.fr\/blog\/wp-content\/uploads\/2017\/03\/ANIM040.jpg 800w\" sizes=\"(max-width: 620px) 100vw, 620px\" \/><\/a>\n\t\t\t<\/dt>\n\t\t\t\t<dd class='wp-caption-text gallery-caption' id='gallery-1-952'>\n\t\t\t\tBal des Pompiers d&rsquo;Osny &#8211; 13 juillet 2016 &#8211; \u00a9 Marie-Louise LE GOFF \/ www.1001images.fr \/ tous droits r\u00e9serv\u00e9s.\n\t\t\t\t<\/dd><\/dl><dl class='gallery-item'>\n\t\t\t<dt class='gallery-icon landscape'>\n\t\t\t\t<a href='http:\/\/1001images.fr\/blog\/?attachment_id=953'><img loading=\"lazy\" decoding=\"async\" width=\"620\" height=\"372\" src=\"http:\/\/1001images.fr\/blog\/wp-content\/uploads\/2017\/03\/ANIM041-700x420.jpg\" class=\"attachment-large size-large\" alt=\"\" aria-describedby=\"gallery-1-953\" srcset=\"http:\/\/1001images.fr\/blog\/wp-content\/uploads\/2017\/03\/ANIM041-700x420.jpg 700w, http:\/\/1001images.fr\/blog\/wp-content\/uploads\/2017\/03\/ANIM041-300x180.jpg 300w, http:\/\/1001images.fr\/blog\/wp-content\/uploads\/2017\/03\/ANIM041-768x461.jpg 768w, http:\/\/1001images.fr\/blog\/wp-content\/uploads\/2017\/03\/ANIM041.jpg 800w\" sizes=\"(max-width: 620px) 100vw, 620px\" \/><\/a>\n\t\t\t<\/dt>\n\t\t\t\t<dd class='wp-caption-text gallery-caption' id='gallery-1-953'>\n\t\t\t\tBal des Pompiers d&rsquo;Osny &#8211; 13 juillet 2016 &#8211; \u00a9 Marie-Louise LE GOFF \/ www.1001images.fr \/ tous droits r\u00e9serv\u00e9s.\n\t\t\t\t<\/dd><\/dl><br style=\"clear: both\" \/><dl class='gallery-item'>\n\t\t\t<dt class='gallery-icon landscape'>\n\t\t\t\t<a href='http:\/\/1001images.fr\/blog\/?attachment_id=954'><img loading=\"lazy\" decoding=\"async\" width=\"620\" height=\"379\" src=\"http:\/\/1001images.fr\/blog\/wp-content\/uploads\/2017\/03\/ANIM042-700x428.jpg\" class=\"attachment-large size-large\" alt=\"\" aria-describedby=\"gallery-1-954\" srcset=\"http:\/\/1001images.fr\/blog\/wp-content\/uploads\/2017\/03\/ANIM042-700x428.jpg 700w, http:\/\/1001images.fr\/blog\/wp-content\/uploads\/2017\/03\/ANIM042-300x183.jpg 300w, http:\/\/1001images.fr\/blog\/wp-content\/uploads\/2017\/03\/ANIM042-768x469.jpg 768w, http:\/\/1001images.fr\/blog\/wp-content\/uploads\/2017\/03\/ANIM042.jpg 800w\" sizes=\"(max-width: 620px) 100vw, 620px\" \/><\/a>\n\t\t\t<\/dt>\n\t\t\t\t<dd class='wp-caption-text gallery-caption' id='gallery-1-954'>\n\t\t\t\tBal des Pompiers d&rsquo;Osny &#8211; 13 juillet 2016 &#8211; \u00a9 Marie-Louise LE GOFF \/ www.1001images.fr \/ tous droits r\u00e9serv\u00e9s.\n\t\t\t\t<\/dd><\/dl><dl class='gallery-item'>\n\t\t\t<dt class='gallery-icon landscape'>\n\t\t\t\t<a href='http:\/\/1001images.fr\/blog\/?attachment_id=955'><img loading=\"lazy\" decoding=\"async\" width=\"620\" height=\"366\" src=\"http:\/\/1001images.fr\/blog\/wp-content\/uploads\/2017\/03\/ANIM043-700x413.jpg\" class=\"attachment-large size-large\" alt=\"\" aria-describedby=\"gallery-1-955\" srcset=\"http:\/\/1001images.fr\/blog\/wp-content\/uploads\/2017\/03\/ANIM043-700x413.jpg 700w, http:\/\/1001images.fr\/blog\/wp-content\/uploads\/2017\/03\/ANIM043-300x177.jpg 300w, http:\/\/1001images.fr\/blog\/wp-content\/uploads\/2017\/03\/ANIM043-768x453.jpg 768w, http:\/\/1001images.fr\/blog\/wp-content\/uploads\/2017\/03\/ANIM043.jpg 800w\" sizes=\"(max-width: 620px) 100vw, 620px\" \/><\/a>\n\t\t\t<\/dt>\n\t\t\t\t<dd class='wp-caption-text gallery-caption' id='gallery-1-955'>\n\t\t\t\tBal des Pompiers d&rsquo;Osny &#8211; 13 juillet 2016 &#8211; \u00a9 Marie-Louise LE GOFF \/ www.1001images.fr \/ tous droits r\u00e9serv\u00e9s.\n\t\t\t\t<\/dd><\/dl><dl class='gallery-item'>\n\t\t\t<dt class='gallery-icon landscape'>\n\t\t\t\t<a href='http:\/\/1001images.fr\/blog\/?attachment_id=956'><img loading=\"lazy\" decoding=\"async\" width=\"620\" height=\"352\" src=\"http:\/\/1001images.fr\/blog\/wp-content\/uploads\/2017\/03\/ANIM044-700x397.jpg\" class=\"attachment-large size-large\" alt=\"\" aria-describedby=\"gallery-1-956\" srcset=\"http:\/\/1001images.fr\/blog\/wp-content\/uploads\/2017\/03\/ANIM044-700x397.jpg 700w, http:\/\/1001images.fr\/blog\/wp-content\/uploads\/2017\/03\/ANIM044-300x170.jpg 300w, http:\/\/1001images.fr\/blog\/wp-content\/uploads\/2017\/03\/ANIM044-768x436.jpg 768w, http:\/\/1001images.fr\/blog\/wp-content\/uploads\/2017\/03\/ANIM044.jpg 800w\" sizes=\"(max-width: 620px) 100vw, 620px\" \/><\/a>\n\t\t\t<\/dt>\n\t\t\t\t<dd class='wp-caption-text gallery-caption' id='gallery-1-956'>\n\t\t\t\tBal des Pompiers d&rsquo;Osny &#8211; 13 juillet 2016 &#8211; \u00a9 Marie-Louise LE GOFF \/ www.1001images.fr \/ tous droits r\u00e9serv\u00e9s.\n\t\t\t\t<\/dd><\/dl><br style=\"clear: both\" \/><dl class='gallery-item'>\n\t\t\t<dt class='gallery-icon landscape'>\n\t\t\t\t<a href='http:\/\/1001images.fr\/blog\/?attachment_id=957'><img loading=\"lazy\" decoding=\"async\" width=\"620\" height=\"475\" src=\"http:\/\/1001images.fr\/blog\/wp-content\/uploads\/2017\/03\/ANIM045-700x536.jpg\" class=\"attachment-large size-large\" alt=\"\" aria-describedby=\"gallery-1-957\" srcset=\"http:\/\/1001images.fr\/blog\/wp-content\/uploads\/2017\/03\/ANIM045-700x536.jpg 700w, http:\/\/1001images.fr\/blog\/wp-content\/uploads\/2017\/03\/ANIM045-300x230.jpg 300w, http:\/\/1001images.fr\/blog\/wp-content\/uploads\/2017\/03\/ANIM045-768x588.jpg 768w, http:\/\/1001images.fr\/blog\/wp-content\/uploads\/2017\/03\/ANIM045.jpg 800w\" sizes=\"(max-width: 620px) 100vw, 620px\" \/><\/a>\n\t\t\t<\/dt>\n\t\t\t\t<dd class='wp-caption-text gallery-caption' id='gallery-1-957'>\n\t\t\t\tBal des Pompiers d&rsquo;Osny &#8211; 13 juillet 2016 &#8211; \u00a9 Marie-Louise LE GOFF \/ www.1001images.fr \/ tous droits r\u00e9serv\u00e9s.\n\t\t\t\t<\/dd><\/dl><dl class='gallery-item'>\n\t\t\t<dt class='gallery-icon landscape'>\n\t\t\t\t<a href='http:\/\/1001images.fr\/blog\/?attachment_id=958'><img loading=\"lazy\" decoding=\"async\" width=\"620\" height=\"369\" src=\"http:\/\/1001images.fr\/blog\/wp-content\/uploads\/2017\/03\/ANIM046-700x417.jpg\" class=\"attachment-large size-large\" alt=\"\" aria-describedby=\"gallery-1-958\" srcset=\"http:\/\/1001images.fr\/blog\/wp-content\/uploads\/2017\/03\/ANIM046-700x417.jpg 700w, http:\/\/1001images.fr\/blog\/wp-content\/uploads\/2017\/03\/ANIM046-300x179.jpg 300w, http:\/\/1001images.fr\/blog\/wp-content\/uploads\/2017\/03\/ANIM046-768x457.jpg 768w, http:\/\/1001images.fr\/blog\/wp-content\/uploads\/2017\/03\/ANIM046.jpg 800w\" sizes=\"(max-width: 620px) 100vw, 620px\" \/><\/a>\n\t\t\t<\/dt>\n\t\t\t\t<dd class='wp-caption-text gallery-caption' id='gallery-1-958'>\n\t\t\t\tBal des Pompiers d&rsquo;Osny &#8211; 13 juillet 2016 &#8211; \u00a9 Marie-Louise LE GOFF \/ www.1001images.fr \/ tous droits r\u00e9serv\u00e9s.\n\t\t\t\t<\/dd><\/dl><dl class='gallery-item'>\n\t\t\t<dt class='gallery-icon landscape'>\n\t\t\t\t<a href='http:\/\/1001images.fr\/blog\/?attachment_id=959'><img loading=\"lazy\" decoding=\"async\" width=\"620\" height=\"368\" src=\"http:\/\/1001images.fr\/blog\/wp-content\/uploads\/2017\/03\/ANIM047-700x415.jpg\" class=\"attachment-large size-large\" alt=\"\" aria-describedby=\"gallery-1-959\" srcset=\"http:\/\/1001images.fr\/blog\/wp-content\/uploads\/2017\/03\/ANIM047-700x415.jpg 700w, http:\/\/1001images.fr\/blog\/wp-content\/uploads\/2017\/03\/ANIM047-300x178.jpg 300w, http:\/\/1001images.fr\/blog\/wp-content\/uploads\/2017\/03\/ANIM047-768x455.jpg 768w, http:\/\/1001images.fr\/blog\/wp-content\/uploads\/2017\/03\/ANIM047.jpg 800w\" sizes=\"(max-width: 620px) 100vw, 620px\" \/><\/a>\n\t\t\t<\/dt>\n\t\t\t\t<dd class='wp-caption-text gallery-caption' id='gallery-1-959'>\n\t\t\t\tBal des Pompiers d&rsquo;Osny &#8211; 13 juillet 2016 &#8211; \u00a9 Marie-Louise LE GOFF \/ www.1001images.fr \/ tous droits r\u00e9serv\u00e9s.\n\t\t\t\t<\/dd><\/dl><br style=\"clear: both\" \/><dl class='gallery-item'>\n\t\t\t<dt class='gallery-icon landscape'>\n\t\t\t\t<a href='http:\/\/1001images.fr\/blog\/?attachment_id=960'><img loading=\"lazy\" decoding=\"async\" width=\"620\" height=\"382\" src=\"http:\/\/1001images.fr\/blog\/wp-content\/uploads\/2017\/03\/ANIM048-700x431.jpg\" class=\"attachment-large size-large\" alt=\"\" aria-describedby=\"gallery-1-960\" srcset=\"http:\/\/1001images.fr\/blog\/wp-content\/uploads\/2017\/03\/ANIM048-700x431.jpg 700w, http:\/\/1001images.fr\/blog\/wp-content\/uploads\/2017\/03\/ANIM048-300x185.jpg 300w, http:\/\/1001images.fr\/blog\/wp-content\/uploads\/2017\/03\/ANIM048-768x472.jpg 768w, http:\/\/1001images.fr\/blog\/wp-content\/uploads\/2017\/03\/ANIM048.jpg 800w\" sizes=\"(max-width: 620px) 100vw, 620px\" \/><\/a>\n\t\t\t<\/dt>\n\t\t\t\t<dd class='wp-caption-text gallery-caption' id='gallery-1-960'>\n\t\t\t\tBal des Pompiers d&rsquo;Osny &#8211; 13 juillet 2016 &#8211; \u00a9 Marie-Louise LE GOFF \/ www.1001images.fr \/ tous droits r\u00e9serv\u00e9s.\n\t\t\t\t<\/dd><\/dl><dl class='gallery-item'>\n\t\t\t<dt class='gallery-icon landscape'>\n\t\t\t\t<a href='http:\/\/1001images.fr\/blog\/?attachment_id=961'><img loading=\"lazy\" decoding=\"async\" width=\"620\" height=\"349\" src=\"http:\/\/1001images.fr\/blog\/wp-content\/uploads\/2017\/03\/ANIM049-700x394.jpg\" class=\"attachment-large size-large\" alt=\"\" aria-describedby=\"gallery-1-961\" srcset=\"http:\/\/1001images.fr\/blog\/wp-content\/uploads\/2017\/03\/ANIM049-700x394.jpg 700w, http:\/\/1001images.fr\/blog\/wp-content\/uploads\/2017\/03\/ANIM049-300x169.jpg 300w, http:\/\/1001images.fr\/blog\/wp-content\/uploads\/2017\/03\/ANIM049-768x432.jpg 768w, http:\/\/1001images.fr\/blog\/wp-content\/uploads\/2017\/03\/ANIM049.jpg 800w\" sizes=\"(max-width: 620px) 100vw, 620px\" \/><\/a>\n\t\t\t<\/dt>\n\t\t\t\t<dd class='wp-caption-text gallery-caption' id='gallery-1-961'>\n\t\t\t\tBal des Pompiers d&rsquo;Osny &#8211; 13 juillet 2016 &#8211; \u00a9 Marie-Louise LE GOFF \/ www.1001images.fr \/ tous droits r\u00e9serv\u00e9s.\n\t\t\t\t<\/dd><\/dl><dl class='gallery-item'>\n\t\t\t<dt class='gallery-icon portrait'>\n\t\t\t\t<a href='http:\/\/1001images.fr\/blog\/?attachment_id=962'><img loading=\"lazy\" decoding=\"async\" width=\"467\" height=\"700\" src=\"http:\/\/1001images.fr\/blog\/wp-content\/uploads\/2017\/03\/ANIM050-467x700.jpg\" class=\"attachment-large size-large\" alt=\"\" aria-describedby=\"gallery-1-962\" srcset=\"http:\/\/1001images.fr\/blog\/wp-content\/uploads\/2017\/03\/ANIM050-467x700.jpg 467w, http:\/\/1001images.fr\/blog\/wp-content\/uploads\/2017\/03\/ANIM050-200x300.jpg 200w, http:\/\/1001images.fr\/blog\/wp-content\/uploads\/2017\/03\/ANIM050.jpg 534w\" sizes=\"(max-width: 467px) 100vw, 467px\" \/><\/a>\n\t\t\t<\/dt>\n\t\t\t\t<dd class='wp-caption-text gallery-caption' id='gallery-1-962'>\n\t\t\t\tBal des Pompiers d&rsquo;Osny &#8211; 13 juillet 2016 &#8211; \u00a9 Marie-Louise LE GOFF \/ www.1001images.fr \/ tous droits r\u00e9serv\u00e9s.\n\t\t\t\t<\/dd><\/dl><br style=\"clear: both\" \/><dl class='gallery-item'>\n\t\t\t<dt class='gallery-icon landscape'>\n\t\t\t\t<a href='http:\/\/1001images.fr\/blog\/?attachment_id=963'><img loading=\"lazy\" decoding=\"async\" width=\"620\" height=\"414\" src=\"http:\/\/1001images.fr\/blog\/wp-content\/uploads\/2017\/03\/ANIM051-700x467.jpg\" class=\"attachment-large size-large\" alt=\"\" aria-describedby=\"gallery-1-963\" srcset=\"http:\/\/1001images.fr\/blog\/wp-content\/uploads\/2017\/03\/ANIM051-700x467.jpg 700w, http:\/\/1001images.fr\/blog\/wp-content\/uploads\/2017\/03\/ANIM051-300x200.jpg 300w, http:\/\/1001images.fr\/blog\/wp-content\/uploads\/2017\/03\/ANIM051-768x513.jpg 768w, http:\/\/1001images.fr\/blog\/wp-content\/uploads\/2017\/03\/ANIM051.jpg 800w\" sizes=\"(max-width: 620px) 100vw, 620px\" \/><\/a>\n\t\t\t<\/dt>\n\t\t\t\t<dd class='wp-caption-text gallery-caption' id='gallery-1-963'>\n\t\t\t\tBal des Pompiers d&rsquo;Osny &#8211; 13 juillet 2016 &#8211; \u00a9 Marie-Louise LE GOFF \/ www.1001images.fr \/ tous droits r\u00e9serv\u00e9s.\n\t\t\t\t<\/dd><\/dl><dl class='gallery-item'>\n\t\t\t<dt class='gallery-icon landscape'>\n\t\t\t\t<a href='http:\/\/1001images.fr\/blog\/?attachment_id=964'><img loading=\"lazy\" decoding=\"async\" width=\"620\" height=\"414\" src=\"http:\/\/1001images.fr\/blog\/wp-content\/uploads\/2017\/03\/ANIM052-700x467.jpg\" class=\"attachment-large size-large\" alt=\"\" aria-describedby=\"gallery-1-964\" srcset=\"http:\/\/1001images.fr\/blog\/wp-content\/uploads\/2017\/03\/ANIM052-700x467.jpg 700w, http:\/\/1001images.fr\/blog\/wp-content\/uploads\/2017\/03\/ANIM052-300x200.jpg 300w, http:\/\/1001images.fr\/blog\/wp-content\/uploads\/2017\/03\/ANIM052-768x513.jpg 768w, http:\/\/1001images.fr\/blog\/wp-content\/uploads\/2017\/03\/ANIM052.jpg 800w\" sizes=\"(max-width: 620px) 100vw, 620px\" \/><\/a>\n\t\t\t<\/dt>\n\t\t\t\t<dd class='wp-caption-text gallery-caption' id='gallery-1-964'>\n\t\t\t\tBal des Pompiers d&rsquo;Osny &#8211; 13 juillet 2016 &#8211; \u00a9 Marie-Louise LE GOFF \/ www.1001images.fr \/ tous droits r\u00e9serv\u00e9s.\n\t\t\t\t<\/dd><\/dl><dl class='gallery-item'>\n\t\t\t<dt class='gallery-icon landscape'>\n\t\t\t\t<a href='http:\/\/1001images.fr\/blog\/?attachment_id=965'><img loading=\"lazy\" decoding=\"async\" width=\"620\" height=\"414\" src=\"http:\/\/1001images.fr\/blog\/wp-content\/uploads\/2017\/03\/ANIM053-700x467.jpg\" class=\"attachment-large size-large\" alt=\"\" aria-describedby=\"gallery-1-965\" srcset=\"http:\/\/1001images.fr\/blog\/wp-content\/uploads\/2017\/03\/ANIM053-700x467.jpg 700w, http:\/\/1001images.fr\/blog\/wp-content\/uploads\/2017\/03\/ANIM053-300x200.jpg 300w, http:\/\/1001images.fr\/blog\/wp-content\/uploads\/2017\/03\/ANIM053-768x513.jpg 768w, http:\/\/1001images.fr\/blog\/wp-content\/uploads\/2017\/03\/ANIM053.jpg 800w\" sizes=\"(max-width: 620px) 100vw, 620px\" \/><\/a>\n\t\t\t<\/dt>\n\t\t\t\t<dd class='wp-caption-text gallery-caption' id='gallery-1-965'>\n\t\t\t\tBal des Pompiers d&rsquo;Osny &#8211; 13 juillet 2016 &#8211; \u00a9 Marie-Louise LE GOFF \/ www.1001images.fr \/ tous droits r\u00e9serv\u00e9s.\n\t\t\t\t<\/dd><\/dl><br style=\"clear: both\" \/><dl class='gallery-item'>\n\t\t\t<dt class='gallery-icon landscape'>\n\t\t\t\t<a href='http:\/\/1001images.fr\/blog\/?attachment_id=966'><img loading=\"lazy\" decoding=\"async\" width=\"620\" height=\"431\" src=\"http:\/\/1001images.fr\/blog\/wp-content\/uploads\/2017\/03\/ANIM054-700x487.jpg\" class=\"attachment-large size-large\" alt=\"\" aria-describedby=\"gallery-1-966\" srcset=\"http:\/\/1001images.fr\/blog\/wp-content\/uploads\/2017\/03\/ANIM054-700x487.jpg 700w, http:\/\/1001images.fr\/blog\/wp-content\/uploads\/2017\/03\/ANIM054-300x209.jpg 300w, http:\/\/1001images.fr\/blog\/wp-content\/uploads\/2017\/03\/ANIM054-768x534.jpg 768w, http:\/\/1001images.fr\/blog\/wp-content\/uploads\/2017\/03\/ANIM054.jpg 800w\" sizes=\"(max-width: 620px) 100vw, 620px\" \/><\/a>\n\t\t\t<\/dt>\n\t\t\t\t<dd class='wp-caption-text gallery-caption' id='gallery-1-966'>\n\t\t\t\tBal des Pompiers d&rsquo;Osny &#8211; 13 juillet 2016 &#8211; \u00a9 Marie-Louise LE GOFF \/ www.1001images.fr \/ tous droits r\u00e9serv\u00e9s.\n\t\t\t\t<\/dd><\/dl><dl class='gallery-item'>\n\t\t\t<dt class='gallery-icon portrait'>\n\t\t\t\t<a href='http:\/\/1001images.fr\/blog\/?attachment_id=967'><img loading=\"lazy\" decoding=\"async\" width=\"601\" height=\"700\" src=\"http:\/\/1001images.fr\/blog\/wp-content\/uploads\/2017\/03\/ANIM055-601x700.jpg\" class=\"attachment-large size-large\" alt=\"\" aria-describedby=\"gallery-1-967\" srcset=\"http:\/\/1001images.fr\/blog\/wp-content\/uploads\/2017\/03\/ANIM055-601x700.jpg 601w, http:\/\/1001images.fr\/blog\/wp-content\/uploads\/2017\/03\/ANIM055-258x300.jpg 258w, http:\/\/1001images.fr\/blog\/wp-content\/uploads\/2017\/03\/ANIM055.jpg 687w\" sizes=\"(max-width: 601px) 100vw, 601px\" \/><\/a>\n\t\t\t<\/dt>\n\t\t\t\t<dd class='wp-caption-text gallery-caption' id='gallery-1-967'>\n\t\t\t\tBal des Pompiers d&rsquo;Osny &#8211; 13 juillet 2016 &#8211; \u00a9 Marie-Louise LE GOFF \/ www.1001images.fr \/ tous droits r\u00e9serv\u00e9s.\n\t\t\t\t<\/dd><\/dl><dl class='gallery-item'>\n\t\t\t<dt class='gallery-icon landscape'>\n\t\t\t\t<a href='http:\/\/1001images.fr\/blog\/?attachment_id=968'><img loading=\"lazy\" decoding=\"async\" width=\"620\" height=\"349\" src=\"http:\/\/1001images.fr\/blog\/wp-content\/uploads\/2017\/03\/ANIM056-700x394.jpg\" class=\"attachment-large size-large\" alt=\"\" aria-describedby=\"gallery-1-968\" srcset=\"http:\/\/1001images.fr\/blog\/wp-content\/uploads\/2017\/03\/ANIM056-700x394.jpg 700w, http:\/\/1001images.fr\/blog\/wp-content\/uploads\/2017\/03\/ANIM056-300x169.jpg 300w, http:\/\/1001images.fr\/blog\/wp-content\/uploads\/2017\/03\/ANIM056-768x432.jpg 768w, http:\/\/1001images.fr\/blog\/wp-content\/uploads\/2017\/03\/ANIM056.jpg 800w\" sizes=\"(max-width: 620px) 100vw, 620px\" \/><\/a>\n\t\t\t<\/dt>\n\t\t\t\t<dd class='wp-caption-text gallery-caption' id='gallery-1-968'>\n\t\t\t\tBal des Pompiers d&rsquo;Osny &#8211; 13 juillet 2016 &#8211; \u00a9 Marie-Louise LE GOFF \/ www.1001images.fr \/ tous droits r\u00e9serv\u00e9s.\n\t\t\t\t<\/dd><\/dl><br style=\"clear: both\" \/><dl class='gallery-item'>\n\t\t\t<dt class='gallery-icon landscape'>\n\t\t\t\t<a href='http:\/\/1001images.fr\/blog\/?attachment_id=969'><img loading=\"lazy\" decoding=\"async\" width=\"620\" height=\"414\" src=\"http:\/\/1001images.fr\/blog\/wp-content\/uploads\/2017\/03\/ANIM057-700x467.jpg\" class=\"attachment-large size-large\" alt=\"\" aria-describedby=\"gallery-1-969\" srcset=\"http:\/\/1001images.fr\/blog\/wp-content\/uploads\/2017\/03\/ANIM057-700x467.jpg 700w, http:\/\/1001images.fr\/blog\/wp-content\/uploads\/2017\/03\/ANIM057-300x200.jpg 300w, http:\/\/1001images.fr\/blog\/wp-content\/uploads\/2017\/03\/ANIM057-768x513.jpg 768w, http:\/\/1001images.fr\/blog\/wp-content\/uploads\/2017\/03\/ANIM057.jpg 800w\" sizes=\"(max-width: 620px) 100vw, 620px\" \/><\/a>\n\t\t\t<\/dt>\n\t\t\t\t<dd class='wp-caption-text gallery-caption' id='gallery-1-969'>\n\t\t\t\tBal des Pompiers d&rsquo;Osny &#8211; 13 juillet 2016 &#8211; \u00a9 Marie-Louise LE GOFF \/ www.1001images.fr \/ tous droits r\u00e9serv\u00e9s.\n\t\t\t\t<\/dd><\/dl><dl class='gallery-item'>\n\t\t\t<dt class='gallery-icon landscape'>\n\t\t\t\t<a href='http:\/\/1001images.fr\/blog\/?attachment_id=970'><img loading=\"lazy\" decoding=\"async\" width=\"620\" height=\"414\" src=\"http:\/\/1001images.fr\/blog\/wp-content\/uploads\/2017\/03\/ANIM058-700x467.jpg\" class=\"attachment-large size-large\" alt=\"\" aria-describedby=\"gallery-1-970\" srcset=\"http:\/\/1001images.fr\/blog\/wp-content\/uploads\/2017\/03\/ANIM058-700x467.jpg 700w, http:\/\/1001images.fr\/blog\/wp-content\/uploads\/2017\/03\/ANIM058-300x200.jpg 300w, http:\/\/1001images.fr\/blog\/wp-content\/uploads\/2017\/03\/ANIM058-768x513.jpg 768w, http:\/\/1001images.fr\/blog\/wp-content\/uploads\/2017\/03\/ANIM058.jpg 800w\" sizes=\"(max-width: 620px) 100vw, 620px\" \/><\/a>\n\t\t\t<\/dt>\n\t\t\t\t<dd class='wp-caption-text gallery-caption' id='gallery-1-970'>\n\t\t\t\tBal des Pompiers d&rsquo;Osny &#8211; 13 juillet 2016 &#8211; \u00a9 Marie-Louise LE GOFF \/ www.1001images.fr \/ tous droits r\u00e9serv\u00e9s.\n\t\t\t\t<\/dd><\/dl><dl class='gallery-item'>\n\t\t\t<dt class='gallery-icon landscape'>\n\t\t\t\t<a href='http:\/\/1001images.fr\/blog\/?attachment_id=971'><img loading=\"lazy\" decoding=\"async\" width=\"620\" height=\"414\" src=\"http:\/\/1001images.fr\/blog\/wp-content\/uploads\/2017\/03\/ANIM060-700x467.jpg\" class=\"attachment-large size-large\" alt=\"\" aria-describedby=\"gallery-1-971\" srcset=\"http:\/\/1001images.fr\/blog\/wp-content\/uploads\/2017\/03\/ANIM060-700x467.jpg 700w, http:\/\/1001images.fr\/blog\/wp-content\/uploads\/2017\/03\/ANIM060-300x200.jpg 300w, http:\/\/1001images.fr\/blog\/wp-content\/uploads\/2017\/03\/ANIM060-768x513.jpg 768w, http:\/\/1001images.fr\/blog\/wp-content\/uploads\/2017\/03\/ANIM060.jpg 800w\" sizes=\"(max-width: 620px) 100vw, 620px\" \/><\/a>\n\t\t\t<\/dt>\n\t\t\t\t<dd class='wp-caption-text gallery-caption' id='gallery-1-971'>\n\t\t\t\tBal des Pompiers d&rsquo;Osny &#8211; 13 juillet 2016 &#8211; \u00a9 Marie-Louise LE GOFF \/ www.1001images.fr \/ tous droits r\u00e9serv\u00e9s.\n\t\t\t\t<\/dd><\/dl><br style=\"clear: both\" \/><dl class='gallery-item'>\n\t\t\t<dt class='gallery-icon landscape'>\n\t\t\t\t<a href='http:\/\/1001images.fr\/blog\/?attachment_id=972'><img loading=\"lazy\" decoding=\"async\" width=\"620\" height=\"414\" src=\"http:\/\/1001images.fr\/blog\/wp-content\/uploads\/2017\/03\/ANIM061-700x467.jpg\" class=\"attachment-large size-large\" alt=\"\" aria-describedby=\"gallery-1-972\" srcset=\"http:\/\/1001images.fr\/blog\/wp-content\/uploads\/2017\/03\/ANIM061-700x467.jpg 700w, http:\/\/1001images.fr\/blog\/wp-content\/uploads\/2017\/03\/ANIM061-300x200.jpg 300w, http:\/\/1001images.fr\/blog\/wp-content\/uploads\/2017\/03\/ANIM061-768x513.jpg 768w, http:\/\/1001images.fr\/blog\/wp-content\/uploads\/2017\/03\/ANIM061.jpg 800w\" sizes=\"(max-width: 620px) 100vw, 620px\" \/><\/a>\n\t\t\t<\/dt>\n\t\t\t\t<dd class='wp-caption-text gallery-caption' id='gallery-1-972'>\n\t\t\t\tBal des Pompiers d&rsquo;Osny &#8211; 13 juillet 2016 &#8211; \u00a9 Marie-Louise LE GOFF \/ www.1001images.fr \/ tous droits r\u00e9serv\u00e9s.\n\t\t\t\t<\/dd><\/dl><dl class='gallery-item'>\n\t\t\t<dt class='gallery-icon portrait'>\n\t\t\t\t<a href='http:\/\/1001images.fr\/blog\/?attachment_id=973'><img loading=\"lazy\" decoding=\"async\" width=\"560\" height=\"700\" src=\"http:\/\/1001images.fr\/blog\/wp-content\/uploads\/2017\/03\/ANIM062-560x700.jpg\" class=\"attachment-large size-large\" alt=\"\" aria-describedby=\"gallery-1-973\" srcset=\"http:\/\/1001images.fr\/blog\/wp-content\/uploads\/2017\/03\/ANIM062-560x700.jpg 560w, http:\/\/1001images.fr\/blog\/wp-content\/uploads\/2017\/03\/ANIM062-240x300.jpg 240w, http:\/\/1001images.fr\/blog\/wp-content\/uploads\/2017\/03\/ANIM062.jpg 640w\" sizes=\"(max-width: 560px) 100vw, 560px\" \/><\/a>\n\t\t\t<\/dt>\n\t\t\t\t<dd class='wp-caption-text gallery-caption' id='gallery-1-973'>\n\t\t\t\tBal des Pompiers d&rsquo;Osny &#8211; 13 juillet 2016 &#8211; \u00a9 Marie-Louise LE GOFF \/ www.1001images.fr \/ tous droits r\u00e9serv\u00e9s.\n\t\t\t\t<\/dd><\/dl><dl class='gallery-item'>\n\t\t\t<dt class='gallery-icon landscape'>\n\t\t\t\t<a href='http:\/\/1001images.fr\/blog\/?attachment_id=974'><img loading=\"lazy\" decoding=\"async\" width=\"620\" height=\"406\" src=\"http:\/\/1001images.fr\/blog\/wp-content\/uploads\/2017\/03\/ANIM063-700x458.jpg\" class=\"attachment-large size-large\" alt=\"\" aria-describedby=\"gallery-1-974\" srcset=\"http:\/\/1001images.fr\/blog\/wp-content\/uploads\/2017\/03\/ANIM063-700x458.jpg 700w, http:\/\/1001images.fr\/blog\/wp-content\/uploads\/2017\/03\/ANIM063-300x196.jpg 300w, http:\/\/1001images.fr\/blog\/wp-content\/uploads\/2017\/03\/ANIM063-768x502.jpg 768w, http:\/\/1001images.fr\/blog\/wp-content\/uploads\/2017\/03\/ANIM063.jpg 800w\" sizes=\"(max-width: 620px) 100vw, 620px\" \/><\/a>\n\t\t\t<\/dt>\n\t\t\t\t<dd class='wp-caption-text gallery-caption' id='gallery-1-974'>\n\t\t\t\tBal des Pompiers d&rsquo;Osny &#8211; 13 juillet 2016 &#8211; \u00a9 Marie-Louise LE GOFF \/ www.1001images.fr \/ tous droits r\u00e9serv\u00e9s.\n\t\t\t\t<\/dd><\/dl><br style=\"clear: both\" \/><dl class='gallery-item'>\n\t\t\t<dt class='gallery-icon landscape'>\n\t\t\t\t<a href='http:\/\/1001images.fr\/blog\/?attachment_id=975'><img loading=\"lazy\" decoding=\"async\" width=\"620\" height=\"469\" src=\"http:\/\/1001images.fr\/blog\/wp-content\/uploads\/2017\/03\/ANIM064-700x529.jpg\" class=\"attachment-large size-large\" alt=\"\" aria-describedby=\"gallery-1-975\" srcset=\"http:\/\/1001images.fr\/blog\/wp-content\/uploads\/2017\/03\/ANIM064-700x529.jpg 700w, http:\/\/1001images.fr\/blog\/wp-content\/uploads\/2017\/03\/ANIM064-300x227.jpg 300w, http:\/\/1001images.fr\/blog\/wp-content\/uploads\/2017\/03\/ANIM064-768x581.jpg 768w, http:\/\/1001images.fr\/blog\/wp-content\/uploads\/2017\/03\/ANIM064.jpg 800w\" sizes=\"(max-width: 620px) 100vw, 620px\" \/><\/a>\n\t\t\t<\/dt>\n\t\t\t\t<dd class='wp-caption-text gallery-caption' id='gallery-1-975'>\n\t\t\t\tBal des Pompiers d&rsquo;Osny &#8211; 13 juillet 2016 &#8211; \u00a9 Marie-Louise LE GOFF \/ www.1001images.fr \/ tous droits r\u00e9serv\u00e9s.\n\t\t\t\t<\/dd><\/dl><dl class='gallery-item'>\n\t\t\t<dt class='gallery-icon portrait'>\n\t\t\t\t<a href='http:\/\/1001images.fr\/blog\/?attachment_id=976'><img loading=\"lazy\" decoding=\"async\" width=\"498\" height=\"700\" src=\"http:\/\/1001images.fr\/blog\/wp-content\/uploads\/2017\/03\/ANIM065-498x700.jpg\" class=\"attachment-large size-large\" alt=\"\" aria-describedby=\"gallery-1-976\" srcset=\"http:\/\/1001images.fr\/blog\/wp-content\/uploads\/2017\/03\/ANIM065-498x700.jpg 498w, http:\/\/1001images.fr\/blog\/wp-content\/uploads\/2017\/03\/ANIM065-213x300.jpg 213w, http:\/\/1001images.fr\/blog\/wp-content\/uploads\/2017\/03\/ANIM065.jpg 569w\" sizes=\"(max-width: 498px) 100vw, 498px\" \/><\/a>\n\t\t\t<\/dt>\n\t\t\t\t<dd class='wp-caption-text gallery-caption' id='gallery-1-976'>\n\t\t\t\tBal des Pompiers d&rsquo;Osny &#8211; 13 juillet 2016 &#8211; \u00a9 Marie-Louise LE GOFF \/ www.1001images.fr \/ tous droits r\u00e9serv\u00e9s.\n\t\t\t\t<\/dd><\/dl><dl class='gallery-item'>\n\t\t\t<dt class='gallery-icon landscape'>\n\t\t\t\t<a href='http:\/\/1001images.fr\/blog\/?attachment_id=977'><img loading=\"lazy\" decoding=\"async\" width=\"620\" height=\"566\" src=\"http:\/\/1001images.fr\/blog\/wp-content\/uploads\/2017\/03\/ANIM066-700x639.jpg\" class=\"attachment-large size-large\" alt=\"\" aria-describedby=\"gallery-1-977\" srcset=\"http:\/\/1001images.fr\/blog\/wp-content\/uploads\/2017\/03\/ANIM066-700x639.jpg 700w, http:\/\/1001images.fr\/blog\/wp-content\/uploads\/2017\/03\/ANIM066-300x274.jpg 300w, http:\/\/1001images.fr\/blog\/wp-content\/uploads\/2017\/03\/ANIM066-768x701.jpg 768w, http:\/\/1001images.fr\/blog\/wp-content\/uploads\/2017\/03\/ANIM066.jpg 800w\" sizes=\"(max-width: 620px) 100vw, 620px\" \/><\/a>\n\t\t\t<\/dt>\n\t\t\t\t<dd class='wp-caption-text gallery-caption' id='gallery-1-977'>\n\t\t\t\tBal des Pompiers d&rsquo;Osny &#8211; 13 juillet 2016 &#8211; \u00a9 Marie-Louise LE GOFF \/ www.1001images.fr \/ tous droits r\u00e9serv\u00e9s.\n\t\t\t\t<\/dd><\/dl><br style=\"clear: both\" \/><dl class='gallery-item'>\n\t\t\t<dt class='gallery-icon landscape'>\n\t\t\t\t<a href='http:\/\/1001images.fr\/blog\/?attachment_id=978'><img loading=\"lazy\" decoding=\"async\" width=\"620\" height=\"620\" src=\"http:\/\/1001images.fr\/blog\/wp-content\/uploads\/2017\/03\/ANIM067-700x700.jpg\" class=\"attachment-large size-large\" alt=\"\" aria-describedby=\"gallery-1-978\" srcset=\"http:\/\/1001images.fr\/blog\/wp-content\/uploads\/2017\/03\/ANIM067-700x700.jpg 700w, http:\/\/1001images.fr\/blog\/wp-content\/uploads\/2017\/03\/ANIM067-150x150.jpg 150w, http:\/\/1001images.fr\/blog\/wp-content\/uploads\/2017\/03\/ANIM067-300x300.jpg 300w, http:\/\/1001images.fr\/blog\/wp-content\/uploads\/2017\/03\/ANIM067-768x768.jpg 768w, http:\/\/1001images.fr\/blog\/wp-content\/uploads\/2017\/03\/ANIM067-144x144.jpg 144w, http:\/\/1001images.fr\/blog\/wp-content\/uploads\/2017\/03\/ANIM067.jpg 800w\" sizes=\"(max-width: 620px) 100vw, 620px\" \/><\/a>\n\t\t\t<\/dt>\n\t\t\t\t<dd class='wp-caption-text gallery-caption' id='gallery-1-978'>\n\t\t\t\tBal des Pompiers d&rsquo;Osny &#8211; 13 juillet 2016 &#8211; \u00a9 Marie-Louise LE GOFF \/ www.1001images.fr \/ tous droits r\u00e9serv\u00e9s.\n\t\t\t\t<\/dd><\/dl><dl class='gallery-item'>\n\t\t\t<dt class='gallery-icon landscape'>\n\t\t\t\t<a href='http:\/\/1001images.fr\/blog\/?attachment_id=979'><img loading=\"lazy\" decoding=\"async\" width=\"620\" height=\"414\" src=\"http:\/\/1001images.fr\/blog\/wp-content\/uploads\/2017\/03\/ANIM068-700x467.jpg\" class=\"attachment-large size-large\" alt=\"\" aria-describedby=\"gallery-1-979\" srcset=\"http:\/\/1001images.fr\/blog\/wp-content\/uploads\/2017\/03\/ANIM068-700x467.jpg 700w, http:\/\/1001images.fr\/blog\/wp-content\/uploads\/2017\/03\/ANIM068-300x200.jpg 300w, http:\/\/1001images.fr\/blog\/wp-content\/uploads\/2017\/03\/ANIM068-768x513.jpg 768w, http:\/\/1001images.fr\/blog\/wp-content\/uploads\/2017\/03\/ANIM068.jpg 800w\" sizes=\"(max-width: 620px) 100vw, 620px\" \/><\/a>\n\t\t\t<\/dt>\n\t\t\t\t<dd class='wp-caption-text gallery-caption' id='gallery-1-979'>\n\t\t\t\tBal des Pompiers d&rsquo;Osny &#8211; 13 juillet 2016 &#8211; \u00a9 Marie-Louise LE GOFF \/ www.1001images.fr \/ tous droits r\u00e9serv\u00e9s.\n\t\t\t\t<\/dd><\/dl><dl class='gallery-item'>\n\t\t\t<dt class='gallery-icon landscape'>\n\t\t\t\t<a href='http:\/\/1001images.fr\/blog\/?attachment_id=980'><img loading=\"lazy\" decoding=\"async\" width=\"620\" height=\"349\" src=\"http:\/\/1001images.fr\/blog\/wp-content\/uploads\/2017\/03\/ANIM069-700x394.jpg\" class=\"attachment-large size-large\" alt=\"\" aria-describedby=\"gallery-1-980\" srcset=\"http:\/\/1001images.fr\/blog\/wp-content\/uploads\/2017\/03\/ANIM069-700x394.jpg 700w, http:\/\/1001images.fr\/blog\/wp-content\/uploads\/2017\/03\/ANIM069-300x169.jpg 300w, http:\/\/1001images.fr\/blog\/wp-content\/uploads\/2017\/03\/ANIM069-768x432.jpg 768w, http:\/\/1001images.fr\/blog\/wp-content\/uploads\/2017\/03\/ANIM069.jpg 800w\" sizes=\"(max-width: 620px) 100vw, 620px\" \/><\/a>\n\t\t\t<\/dt>\n\t\t\t\t<dd class='wp-caption-text gallery-caption' id='gallery-1-980'>\n\t\t\t\tBal des Pompiers d&rsquo;Osny &#8211; 13 juillet 2016 &#8211; \u00a9 Marie-Louise LE GOFF \/ www.1001images.fr \/ tous droits r\u00e9serv\u00e9s.\n\t\t\t\t<\/dd><\/dl><br style=\"clear: both\" \/><dl class='gallery-item'>\n\t\t\t<dt class='gallery-icon portrait'>\n\t\t\t\t<a href='http:\/\/1001images.fr\/blog\/?attachment_id=981'><img loading=\"lazy\" decoding=\"async\" width=\"557\" height=\"700\" src=\"http:\/\/1001images.fr\/blog\/wp-content\/uploads\/2017\/03\/ANIM070-557x700.jpg\" class=\"attachment-large size-large\" alt=\"\" aria-describedby=\"gallery-1-981\" srcset=\"http:\/\/1001images.fr\/blog\/wp-content\/uploads\/2017\/03\/ANIM070-557x700.jpg 557w, http:\/\/1001images.fr\/blog\/wp-content\/uploads\/2017\/03\/ANIM070-239x300.jpg 239w, http:\/\/1001images.fr\/blog\/wp-content\/uploads\/2017\/03\/ANIM070.jpg 636w\" sizes=\"(max-width: 557px) 100vw, 557px\" \/><\/a>\n\t\t\t<\/dt>\n\t\t\t\t<dd class='wp-caption-text gallery-caption' id='gallery-1-981'>\n\t\t\t\tBal des Pompiers d&rsquo;Osny &#8211; 13 juillet 2016 &#8211; \u00a9 Marie-Louise LE GOFF \/ www.1001images.fr \/ tous droits r\u00e9serv\u00e9s.\n\t\t\t\t<\/dd><\/dl><dl class='gallery-item'>\n\t\t\t<dt class='gallery-icon landscape'>\n\t\t\t\t<a href='http:\/\/1001images.fr\/blog\/?attachment_id=982'><img loading=\"lazy\" decoding=\"async\" width=\"620\" height=\"414\" src=\"http:\/\/1001images.fr\/blog\/wp-content\/uploads\/2017\/03\/ANIM071-700x467.jpg\" class=\"attachment-large size-large\" alt=\"\" aria-describedby=\"gallery-1-982\" srcset=\"http:\/\/1001images.fr\/blog\/wp-content\/uploads\/2017\/03\/ANIM071-700x467.jpg 700w, http:\/\/1001images.fr\/blog\/wp-content\/uploads\/2017\/03\/ANIM071-300x200.jpg 300w, http:\/\/1001images.fr\/blog\/wp-content\/uploads\/2017\/03\/ANIM071-768x513.jpg 768w, http:\/\/1001images.fr\/blog\/wp-content\/uploads\/2017\/03\/ANIM071.jpg 800w\" sizes=\"(max-width: 620px) 100vw, 620px\" \/><\/a>\n\t\t\t<\/dt>\n\t\t\t\t<dd class='wp-caption-text gallery-caption' id='gallery-1-982'>\n\t\t\t\tBal des Pompiers d&rsquo;Osny &#8211; 13 juillet 2016 &#8211; \u00a9 Marie-Louise LE GOFF \/ www.1001images.fr \/ tous droits r\u00e9serv\u00e9s.\n\t\t\t\t<\/dd><\/dl><dl class='gallery-item'>\n\t\t\t<dt class='gallery-icon landscape'>\n\t\t\t\t<a href='http:\/\/1001images.fr\/blog\/?attachment_id=983'><img loading=\"lazy\" decoding=\"async\" width=\"620\" height=\"349\" src=\"http:\/\/1001images.fr\/blog\/wp-content\/uploads\/2017\/03\/ANIM072-700x394.jpg\" class=\"attachment-large size-large\" alt=\"\" aria-describedby=\"gallery-1-983\" srcset=\"http:\/\/1001images.fr\/blog\/wp-content\/uploads\/2017\/03\/ANIM072-700x394.jpg 700w, http:\/\/1001images.fr\/blog\/wp-content\/uploads\/2017\/03\/ANIM072-300x169.jpg 300w, http:\/\/1001images.fr\/blog\/wp-content\/uploads\/2017\/03\/ANIM072-768x432.jpg 768w, http:\/\/1001images.fr\/blog\/wp-content\/uploads\/2017\/03\/ANIM072.jpg 800w\" sizes=\"(max-width: 620px) 100vw, 620px\" \/><\/a>\n\t\t\t<\/dt>\n\t\t\t\t<dd class='wp-caption-text gallery-caption' id='gallery-1-983'>\n\t\t\t\tBal des Pompiers d&rsquo;Osny &#8211; 13 juillet 2016 &#8211; \u00a9 Marie-Louise LE GOFF \/ www.1001images.fr \/ tous droits r\u00e9serv\u00e9s.\n\t\t\t\t<\/dd><\/dl><br style=\"clear: both\" \/><dl class='gallery-item'>\n\t\t\t<dt class='gallery-icon landscape'>\n\t\t\t\t<a href='http:\/\/1001images.fr\/blog\/?attachment_id=984'><img loading=\"lazy\" decoding=\"async\" width=\"620\" height=\"349\" src=\"http:\/\/1001images.fr\/blog\/wp-content\/uploads\/2017\/03\/ANIM073-700x394.jpg\" class=\"attachment-large size-large\" alt=\"\" aria-describedby=\"gallery-1-984\" srcset=\"http:\/\/1001images.fr\/blog\/wp-content\/uploads\/2017\/03\/ANIM073-700x394.jpg 700w, http:\/\/1001images.fr\/blog\/wp-content\/uploads\/2017\/03\/ANIM073-300x169.jpg 300w, http:\/\/1001images.fr\/blog\/wp-content\/uploads\/2017\/03\/ANIM073-768x432.jpg 768w, http:\/\/1001images.fr\/blog\/wp-content\/uploads\/2017\/03\/ANIM073.jpg 800w\" sizes=\"(max-width: 620px) 100vw, 620px\" \/><\/a>\n\t\t\t<\/dt>\n\t\t\t\t<dd class='wp-caption-text gallery-caption' id='gallery-1-984'>\n\t\t\t\tBal des Pompiers d&rsquo;Osny &#8211; 13 juillet 2016 &#8211; \u00a9 Marie-Louise LE GOFF \/ www.1001images.fr \/ tous droits r\u00e9serv\u00e9s.\n\t\t\t\t<\/dd><\/dl><dl class='gallery-item'>\n\t\t\t<dt class='gallery-icon landscape'>\n\t\t\t\t<a href='http:\/\/1001images.fr\/blog\/?attachment_id=985'><img loading=\"lazy\" decoding=\"async\" width=\"620\" height=\"349\" src=\"http:\/\/1001images.fr\/blog\/wp-content\/uploads\/2017\/03\/ANIM074-700x394.jpg\" class=\"attachment-large size-large\" alt=\"\" aria-describedby=\"gallery-1-985\" srcset=\"http:\/\/1001images.fr\/blog\/wp-content\/uploads\/2017\/03\/ANIM074-700x394.jpg 700w, http:\/\/1001images.fr\/blog\/wp-content\/uploads\/2017\/03\/ANIM074-300x169.jpg 300w, http:\/\/1001images.fr\/blog\/wp-content\/uploads\/2017\/03\/ANIM074-768x432.jpg 768w, http:\/\/1001images.fr\/blog\/wp-content\/uploads\/2017\/03\/ANIM074.jpg 800w\" sizes=\"(max-width: 620px) 100vw, 620px\" \/><\/a>\n\t\t\t<\/dt>\n\t\t\t\t<dd class='wp-caption-text gallery-caption' id='gallery-1-985'>\n\t\t\t\tBal des Pompiers d&rsquo;Osny &#8211; 13 juillet 2016 &#8211; \u00a9 Marie-Louise LE GOFF \/ www.1001images.fr \/ tous droits r\u00e9serv\u00e9s.\n\t\t\t\t<\/dd><\/dl><dl class='gallery-item'>\n\t\t\t<dt class='gallery-icon landscape'>\n\t\t\t\t<a href='http:\/\/1001images.fr\/blog\/?attachment_id=986'><img loading=\"lazy\" decoding=\"async\" width=\"620\" height=\"401\" src=\"http:\/\/1001images.fr\/blog\/wp-content\/uploads\/2017\/03\/ANIM075-700x453.jpg\" class=\"attachment-large size-large\" alt=\"\" aria-describedby=\"gallery-1-986\" srcset=\"http:\/\/1001images.fr\/blog\/wp-content\/uploads\/2017\/03\/ANIM075-700x453.jpg 700w, http:\/\/1001images.fr\/blog\/wp-content\/uploads\/2017\/03\/ANIM075-300x194.jpg 300w, http:\/\/1001images.fr\/blog\/wp-content\/uploads\/2017\/03\/ANIM075-768x497.jpg 768w, http:\/\/1001images.fr\/blog\/wp-content\/uploads\/2017\/03\/ANIM075.jpg 800w\" sizes=\"(max-width: 620px) 100vw, 620px\" \/><\/a>\n\t\t\t<\/dt>\n\t\t\t\t<dd class='wp-caption-text gallery-caption' id='gallery-1-986'>\n\t\t\t\tBal des Pompiers d&rsquo;Osny &#8211; 13 juillet 2016 &#8211; \u00a9 Marie-Louise LE GOFF \/ www.1001images.fr \/ tous droits r\u00e9serv\u00e9s.\n\t\t\t\t<\/dd><\/dl><br style=\"clear: both\" \/><dl class='gallery-item'>\n\t\t\t<dt class='gallery-icon landscape'>\n\t\t\t\t<a href='http:\/\/1001images.fr\/blog\/?attachment_id=987'><img loading=\"lazy\" decoding=\"async\" width=\"620\" height=\"512\" src=\"http:\/\/1001images.fr\/blog\/wp-content\/uploads\/2017\/03\/ANIM076-700x578.jpg\" class=\"attachment-large size-large\" alt=\"\" aria-describedby=\"gallery-1-987\" srcset=\"http:\/\/1001images.fr\/blog\/wp-content\/uploads\/2017\/03\/ANIM076-700x578.jpg 700w, http:\/\/1001images.fr\/blog\/wp-content\/uploads\/2017\/03\/ANIM076-300x248.jpg 300w, http:\/\/1001images.fr\/blog\/wp-content\/uploads\/2017\/03\/ANIM076-768x634.jpg 768w, http:\/\/1001images.fr\/blog\/wp-content\/uploads\/2017\/03\/ANIM076.jpg 800w\" sizes=\"(max-width: 620px) 100vw, 620px\" \/><\/a>\n\t\t\t<\/dt>\n\t\t\t\t<dd class='wp-caption-text gallery-caption' id='gallery-1-987'>\n\t\t\t\tBal des Pompiers d&rsquo;Osny &#8211; 13 juillet 2016 &#8211; \u00a9 Marie-Louise LE GOFF \/ www.1001images.fr \/ tous droits r\u00e9serv\u00e9s.\n\t\t\t\t<\/dd><\/dl><dl class='gallery-item'>\n\t\t\t<dt class='gallery-icon landscape'>\n\t\t\t\t<a href='http:\/\/1001images.fr\/blog\/?attachment_id=988'><img loading=\"lazy\" decoding=\"async\" width=\"620\" height=\"332\" src=\"http:\/\/1001images.fr\/blog\/wp-content\/uploads\/2017\/03\/ANIM077-700x375.jpg\" class=\"attachment-large size-large\" alt=\"\" aria-describedby=\"gallery-1-988\" srcset=\"http:\/\/1001images.fr\/blog\/wp-content\/uploads\/2017\/03\/ANIM077-700x375.jpg 700w, http:\/\/1001images.fr\/blog\/wp-content\/uploads\/2017\/03\/ANIM077-300x161.jpg 300w, http:\/\/1001images.fr\/blog\/wp-content\/uploads\/2017\/03\/ANIM077-768x412.jpg 768w, http:\/\/1001images.fr\/blog\/wp-content\/uploads\/2017\/03\/ANIM077.jpg 800w\" sizes=\"(max-width: 620px) 100vw, 620px\" \/><\/a>\n\t\t\t<\/dt>\n\t\t\t\t<dd class='wp-caption-text gallery-caption' id='gallery-1-988'>\n\t\t\t\tBal des Pompiers d&rsquo;Osny &#8211; 13 juillet 2016 &#8211; \u00a9 Marie-Louise LE GOFF \/ www.1001images.fr \/ tous droits r\u00e9serv\u00e9s.\n\t\t\t\t<\/dd><\/dl><dl class='gallery-item'>\n\t\t\t<dt class='gallery-icon landscape'>\n\t\t\t\t<a href='http:\/\/1001images.fr\/blog\/?attachment_id=989'><img loading=\"lazy\" decoding=\"async\" width=\"620\" height=\"374\" src=\"http:\/\/1001images.fr\/blog\/wp-content\/uploads\/2017\/03\/ANIM078-700x422.jpg\" class=\"attachment-large size-large\" alt=\"\" aria-describedby=\"gallery-1-989\" srcset=\"http:\/\/1001images.fr\/blog\/wp-content\/uploads\/2017\/03\/ANIM078-700x422.jpg 700w, http:\/\/1001images.fr\/blog\/wp-content\/uploads\/2017\/03\/ANIM078-300x181.jpg 300w, http:\/\/1001images.fr\/blog\/wp-content\/uploads\/2017\/03\/ANIM078-768x463.jpg 768w, http:\/\/1001images.fr\/blog\/wp-content\/uploads\/2017\/03\/ANIM078.jpg 800w\" sizes=\"(max-width: 620px) 100vw, 620px\" \/><\/a>\n\t\t\t<\/dt>\n\t\t\t\t<dd class='wp-caption-text gallery-caption' id='gallery-1-989'>\n\t\t\t\tBal des Pompiers d&rsquo;Osny &#8211; 13 juillet 2016 &#8211; \u00a9 Marie-Louise LE GOFF \/ www.1001images.fr \/ tous droits r\u00e9serv\u00e9s.\n\t\t\t\t<\/dd><\/dl><br style=\"clear: both\" \/><dl class='gallery-item'>\n\t\t\t<dt class='gallery-icon landscape'>\n\t\t\t\t<a href='http:\/\/1001images.fr\/blog\/?attachment_id=990'><img loading=\"lazy\" decoding=\"async\" width=\"620\" height=\"369\" src=\"http:\/\/1001images.fr\/blog\/wp-content\/uploads\/2017\/03\/ANIM079-700x417.jpg\" class=\"attachment-large size-large\" alt=\"\" aria-describedby=\"gallery-1-990\" srcset=\"http:\/\/1001images.fr\/blog\/wp-content\/uploads\/2017\/03\/ANIM079-700x417.jpg 700w, http:\/\/1001images.fr\/blog\/wp-content\/uploads\/2017\/03\/ANIM079-300x179.jpg 300w, http:\/\/1001images.fr\/blog\/wp-content\/uploads\/2017\/03\/ANIM079-768x457.jpg 768w, http:\/\/1001images.fr\/blog\/wp-content\/uploads\/2017\/03\/ANIM079.jpg 800w\" sizes=\"(max-width: 620px) 100vw, 620px\" \/><\/a>\n\t\t\t<\/dt>\n\t\t\t\t<dd class='wp-caption-text gallery-caption' id='gallery-1-990'>\n\t\t\t\tBal des Pompiers d&rsquo;Osny &#8211; 13 juillet 2016 &#8211; \u00a9 Marie-Louise LE GOFF \/ www.1001images.fr \/ tous droits r\u00e9serv\u00e9s.\n\t\t\t\t<\/dd><\/dl><dl class='gallery-item'>\n\t\t\t<dt class='gallery-icon landscape'>\n\t\t\t\t<a href='http:\/\/1001images.fr\/blog\/?attachment_id=991'><img loading=\"lazy\" decoding=\"async\" width=\"620\" height=\"536\" src=\"http:\/\/1001images.fr\/blog\/wp-content\/uploads\/2017\/03\/ANIM080-700x605.jpg\" class=\"attachment-large size-large\" alt=\"\" aria-describedby=\"gallery-1-991\" srcset=\"http:\/\/1001images.fr\/blog\/wp-content\/uploads\/2017\/03\/ANIM080-700x605.jpg 700w, http:\/\/1001images.fr\/blog\/wp-content\/uploads\/2017\/03\/ANIM080-300x259.jpg 300w, http:\/\/1001images.fr\/blog\/wp-content\/uploads\/2017\/03\/ANIM080-768x663.jpg 768w, http:\/\/1001images.fr\/blog\/wp-content\/uploads\/2017\/03\/ANIM080.jpg 800w\" sizes=\"(max-width: 620px) 100vw, 620px\" \/><\/a>\n\t\t\t<\/dt>\n\t\t\t\t<dd class='wp-caption-text gallery-caption' id='gallery-1-991'>\n\t\t\t\tBal des Pompiers d&rsquo;Osny &#8211; 13 juillet 2016 &#8211; \u00a9 Marie-Louise LE GOFF \/ www.1001images.fr \/ tous droits r\u00e9serv\u00e9s.\n\t\t\t\t<\/dd><\/dl><dl class='gallery-item'>\n\t\t\t<dt class='gallery-icon landscape'>\n\t\t\t\t<a href='http:\/\/1001images.fr\/blog\/?attachment_id=992'><img loading=\"lazy\" decoding=\"async\" width=\"620\" height=\"518\" src=\"http:\/\/1001images.fr\/blog\/wp-content\/uploads\/2017\/03\/ANIM081-700x585.jpg\" class=\"attachment-large size-large\" alt=\"\" aria-describedby=\"gallery-1-992\" srcset=\"http:\/\/1001images.fr\/blog\/wp-content\/uploads\/2017\/03\/ANIM081-700x585.jpg 700w, http:\/\/1001images.fr\/blog\/wp-content\/uploads\/2017\/03\/ANIM081-300x251.jpg 300w, http:\/\/1001images.fr\/blog\/wp-content\/uploads\/2017\/03\/ANIM081-768x641.jpg 768w, http:\/\/1001images.fr\/blog\/wp-content\/uploads\/2017\/03\/ANIM081.jpg 800w\" sizes=\"(max-width: 620px) 100vw, 620px\" \/><\/a>\n\t\t\t<\/dt>\n\t\t\t\t<dd class='wp-caption-text gallery-caption' id='gallery-1-992'>\n\t\t\t\tBal des Pompiers d&rsquo;Osny &#8211; 13 juillet 2016 &#8211; \u00a9 Marie-Louise LE GOFF \/ www.1001images.fr \/ tous droits r\u00e9serv\u00e9s.\n\t\t\t\t<\/dd><\/dl><br style=\"clear: both\" \/><dl class='gallery-item'>\n\t\t\t<dt class='gallery-icon landscape'>\n\t\t\t\t<a href='http:\/\/1001images.fr\/blog\/?attachment_id=993'><img loading=\"lazy\" decoding=\"async\" width=\"620\" height=\"526\" src=\"http:\/\/1001images.fr\/blog\/wp-content\/uploads\/2017\/03\/ANIM082-700x594.jpg\" class=\"attachment-large size-large\" alt=\"\" aria-describedby=\"gallery-1-993\" srcset=\"http:\/\/1001images.fr\/blog\/wp-content\/uploads\/2017\/03\/ANIM082-700x594.jpg 700w, http:\/\/1001images.fr\/blog\/wp-content\/uploads\/2017\/03\/ANIM082-300x255.jpg 300w, http:\/\/1001images.fr\/blog\/wp-content\/uploads\/2017\/03\/ANIM082-768x652.jpg 768w, http:\/\/1001images.fr\/blog\/wp-content\/uploads\/2017\/03\/ANIM082.jpg 800w\" sizes=\"(max-width: 620px) 100vw, 620px\" \/><\/a>\n\t\t\t<\/dt>\n\t\t\t\t<dd class='wp-caption-text gallery-caption' id='gallery-1-993'>\n\t\t\t\tBal des Pompiers d&rsquo;Osny &#8211; 13 juillet 2016 &#8211; \u00a9 Marie-Louise LE GOFF \/ www.1001images.fr \/ tous droits r\u00e9serv\u00e9s.\n\t\t\t\t<\/dd><\/dl><dl class='gallery-item'>\n\t\t\t<dt class='gallery-icon landscape'>\n\t\t\t\t<a href='http:\/\/1001images.fr\/blog\/?attachment_id=994'><img loading=\"lazy\" decoding=\"async\" width=\"620\" height=\"349\" src=\"http:\/\/1001images.fr\/blog\/wp-content\/uploads\/2017\/03\/ANIM083-700x394.jpg\" class=\"attachment-large size-large\" alt=\"\" aria-describedby=\"gallery-1-994\" srcset=\"http:\/\/1001images.fr\/blog\/wp-content\/uploads\/2017\/03\/ANIM083-700x394.jpg 700w, http:\/\/1001images.fr\/blog\/wp-content\/uploads\/2017\/03\/ANIM083-300x169.jpg 300w, http:\/\/1001images.fr\/blog\/wp-content\/uploads\/2017\/03\/ANIM083-768x432.jpg 768w, http:\/\/1001images.fr\/blog\/wp-content\/uploads\/2017\/03\/ANIM083.jpg 800w\" sizes=\"(max-width: 620px) 100vw, 620px\" \/><\/a>\n\t\t\t<\/dt>\n\t\t\t\t<dd class='wp-caption-text gallery-caption' id='gallery-1-994'>\n\t\t\t\tBal des Pompiers d&rsquo;Osny &#8211; 13 juillet 2016 &#8211; \u00a9 Marie-Louise LE GOFF \/ www.1001images.fr \/ tous droits r\u00e9serv\u00e9s.\n\t\t\t\t<\/dd><\/dl><dl class='gallery-item'>\n\t\t\t<dt class='gallery-icon landscape'>\n\t\t\t\t<a href='http:\/\/1001images.fr\/blog\/?attachment_id=995'><img loading=\"lazy\" decoding=\"async\" width=\"620\" height=\"326\" src=\"http:\/\/1001images.fr\/blog\/wp-content\/uploads\/2017\/03\/ANIM084-700x368.jpg\" class=\"attachment-large size-large\" alt=\"\" aria-describedby=\"gallery-1-995\" srcset=\"http:\/\/1001images.fr\/blog\/wp-content\/uploads\/2017\/03\/ANIM084-700x368.jpg 700w, http:\/\/1001images.fr\/blog\/wp-content\/uploads\/2017\/03\/ANIM084-300x158.jpg 300w, http:\/\/1001images.fr\/blog\/wp-content\/uploads\/2017\/03\/ANIM084-768x403.jpg 768w, http:\/\/1001images.fr\/blog\/wp-content\/uploads\/2017\/03\/ANIM084.jpg 800w\" sizes=\"(max-width: 620px) 100vw, 620px\" \/><\/a>\n\t\t\t<\/dt>\n\t\t\t\t<dd class='wp-caption-text gallery-caption' id='gallery-1-995'>\n\t\t\t\tBal des Pompiers d&rsquo;Osny &#8211; 13 juillet 2016 &#8211; \u00a9 Marie-Louise LE GOFF \/ www.1001images.fr \/ tous droits r\u00e9serv\u00e9s.\n\t\t\t\t<\/dd><\/dl><br style=\"clear: both\" \/><dl class='gallery-item'>\n\t\t\t<dt class='gallery-icon landscape'>\n\t\t\t\t<a href='http:\/\/1001images.fr\/blog\/?attachment_id=996'><img loading=\"lazy\" decoding=\"async\" width=\"620\" height=\"326\" src=\"http:\/\/1001images.fr\/blog\/wp-content\/uploads\/2017\/03\/ANIM085-700x368.jpg\" class=\"attachment-large size-large\" alt=\"\" aria-describedby=\"gallery-1-996\" srcset=\"http:\/\/1001images.fr\/blog\/wp-content\/uploads\/2017\/03\/ANIM085-700x368.jpg 700w, http:\/\/1001images.fr\/blog\/wp-content\/uploads\/2017\/03\/ANIM085-300x158.jpg 300w, http:\/\/1001images.fr\/blog\/wp-content\/uploads\/2017\/03\/ANIM085-768x403.jpg 768w, http:\/\/1001images.fr\/blog\/wp-content\/uploads\/2017\/03\/ANIM085.jpg 800w\" sizes=\"(max-width: 620px) 100vw, 620px\" \/><\/a>\n\t\t\t<\/dt>\n\t\t\t\t<dd class='wp-caption-text gallery-caption' id='gallery-1-996'>\n\t\t\t\tBal des Pompiers d&rsquo;Osny &#8211; 13 juillet 2016 &#8211; \u00a9 Marie-Louise LE GOFF \/ www.1001images.fr \/ tous droits r\u00e9serv\u00e9s.\n\t\t\t\t<\/dd><\/dl>\n\t\t\t<br style='clear: both' \/>\n\t\t<\/div>\n\n","protected":false},"excerpt":{"rendered":"<p>Quelle belle journ\u00e9e aupr\u00e8s des pompiers du SDIS 95, \u00e0 Osny, pour cette journ\u00e9e du 13 juillet 2016. Apr\u00e8s midi, portes ouvertes avec des animations pour les grands&#8230;<\/p>\n","protected":false},"author":2,"featured_media":918,"comment_status":"open","ping_status":"open","sticky":false,"template":"","format":"gallery","meta":{"footnotes":""},"categories":[75,19,5,87],"tags":[101,100],"class_list":["post-997","post","type-post","status-publish","format-gallery","has-post-thumbnail","hentry","category-bal-des-pompiers-dosny","category-concerts","category-general","category-spectacles","tag-bal-des-pompiers","tag-pompiers-dosny","post_format-post-format-gallery"],"acf":[],"_links":{"self":[{"href":"http:\/\/1001images.fr\/blog\/index.php?rest_route=\/wp\/v2\/posts\/997"}],"collection":[{"href":"http:\/\/1001images.fr\/blog\/index.php?rest_route=\/wp\/v2\/posts"}],"about":[{"href":"http:\/\/1001images.fr\/blog\/index.php?rest_route=\/wp\/v2\/types\/post"}],"author":[{"embeddable":true,"href":"http:\/\/1001images.fr\/blog\/index.php?rest_route=\/wp\/v2\/users\/2"}],"replies":[{"embeddable":true,"href":"http:\/\/1001images.fr\/blog\/index.php?rest_route=%2Fwp%2Fv2%2Fcomments&post=997"}],"version-history":[{"count":7,"href":"http:\/\/1001images.fr\/blog\/index.php?rest_route=\/wp\/v2\/posts\/997\/revisions"}],"predecessor-version":[{"id":1078,"href":"http:\/\/1001images.fr\/blog\/index.php?rest_route=\/wp\/v2\/posts\/997\/revisions\/1078"}],"wp:featuredmedia":[{"embeddable":true,"href":"http:\/\/1001images.fr\/blog\/index.php?rest_route=\/wp\/v2\/media\/918"}],"wp:attachment":[{"href":"http:\/\/1001images.fr\/blog\/index.php?rest_route=%2Fwp%2Fv2%2Fmedia&parent=997"}],"wp:term":[{"taxonomy":"category","embeddable":true,"href":"http:\/\/1001images.fr\/blog\/index.php?rest_route=%2Fwp%2Fv2%2Fcategories&post=997"},{"taxonomy":"post_tag","embeddable":true,"href":"http:\/\/1001images.fr\/blog\/index.php?rest_route=%2Fwp%2Fv2%2Ftags&post=997"}],"curies":[{"name":"wp","href":"https:\/\/api.w.org\/{rel}","templated":true}]}}