{"id":94,"count":4,"description":"","link":"http:\/\/1001images.fr\/blog\/?tag=journees-europeennes-des-metiers-dart","name":"Journ\u00e9es Europ\u00e9ennes des M\u00e9tiers d'Art","slug":"journees-europeennes-des-metiers-dart","taxonomy":"post_tag","meta":[],"_links":{"self":[{"href":"http:\/\/1001images.fr\/blog\/index.php?rest_route=\/wp\/v2\/tags\/94"}],"collection":[{"href":"http:\/\/1001images.fr\/blog\/index.php?rest_route=\/wp\/v2\/tags"}],"about":[{"href":"http:\/\/1001images.fr\/blog\/index.php?rest_route=\/wp\/v2\/taxonomies\/post_tag"}],"wp:post_type":[{"href":"http:\/\/1001images.fr\/blog\/index.php?rest_route=%2Fwp%2Fv2%2Fposts&tags=94"}],"curies":[{"name":"wp","href":"https:\/\/api.w.org\/{rel}","templated":true}]}}